{"id":1707,"date":"2021-01-29T14:21:22","date_gmt":"2021-01-29T14:21:22","guid":{"rendered":"http:\/\/galeriamiejska.pl\/?p=1707"},"modified":"2021-01-29T14:21:52","modified_gmt":"2021-01-29T14:21:52","slug":"","status":"publish","type":"post","link":"https:\/\/galeriamiejska.pl\/en\/dyskusja-panelowa-w-galerii-miejskiej-we-wroclawiu\/","title":{"rendered":"","raw":""},"content":{"rendered":"","protected":false,"raw":""},"excerpt":{"rendered":"","protected":false,"raw":""},"author":1,"featured_media":1708,"comment_status":"open","ping_status":"open","sticky":false,"template":"","format":"standard","meta":{"_pl_post_content":"<!-- wp:paragraph -->\n<p>Ju\u017c w&nbsp;czwartek 21 maja o&nbsp;godz. 18.00 w&nbsp;Galerii Miejskiej przy ul.Kie\u0142ba\u015bniczej 28 we Wroc\u0142awiu o&nbsp;tym,czy mo\u017cliwe jest dzi\u015b rzetelne i&nbsp;uczciwe pisanie historii sztuki polskiej lat 1944-90 bez odczytania dokument\u00f3w organ\u00f3w bezpiecze\u0144stwa pa\u0144stwa totalitarnego rozmawia\u0107 b\u0119d\u0105:<br><br>- dr hab. Anna Markowska, prof. Uniwersytetu Wroc\u0142awskiego, historyczka sztuki i&nbsp;badaczka tw\u00f3rczo\u015bci artystycznej okresu PRL,<br><br>- dr Andrzej Jarosz z&nbsp;Instytutu Historii Sztuki Uniwersytetu Wroc\u0142awskiego \u2013 autor licznych publikacji dotycz\u0105cych dziej\u00f3w sztuki powojennego Wroc\u0142awia,<br><br>- dr Krzysztof Popi\u0144ski \u2013 historyk \u2013 badacz \u017ar\u00f3de\u0142 do dziej\u00f3w Akademii Sztuk Pi\u0119knych we Wroc\u0142awiu,<br><br>- prof. Zbigniew Makarewicz \u2013 rze\u017abiarz, tw\u00f3rca instalacji i&nbsp;happening\u00f3w, krytyk sztuki i&nbsp;animator ruchu artystycznego<br><br>- Jaros\u0142aw Jakimczyk, dziennikarz i&nbsp;historyk sztuki, autor niedawno wydanej ksi\u0105\u017cki pt. \u201eNajweselszy barak w&nbsp;obozie. Tajna policja komunistyczna jako krytyk artystyczny i&nbsp;kurator sztuki w&nbsp;PRL\u201d.<br><br>Dyskusj\u0119 moderowa\u0107 b\u0119dzie Miros\u0142aw Jasi\u0144ski, historyk sztuki i&nbsp;dyrektor Galerii Miejskiej we Wroc\u0142awiu.<br><br>Punktem wyj\u015bcia do dyskusji o&nbsp;tym, jak\u0105 warto\u015b\u0107 dla bada\u0144 nad dziejami sztuki polskiej stanowi\u0105 akta tajnej policji i&nbsp;w jaki spos\u00f3b wzbogacaj\u0105 one nasz obraz \u017cycia artystycznego Polski Ludowej, b\u0119dzie wspomniana publikacja Jaros\u0142awa Jakimczyka, kt\u00f3ra odbi\u0142a si\u0119 g\u0142o\u015bnym echem w\u015br\u00f3d wroc\u0142awskich plastyk\u00f3w wywo\u0142uj\u0105c protest cz\u0119\u015bci \u015brodowiska przeciwko zawartym w&nbsp;niej stwierdzeniom.<br><br><br>*<br>Jaros\u0142aw Jakimczyk (ur. w&nbsp;1967 r. we Wroc\u0142awiu),absolwent historii sztuki na Uniwersytecie Wroc\u0142awskim. Jako dziennikarz oddrugiej po\u0142owy lat 90. zajmowa\u0142 si\u0119 problematyk\u0105 s\u0142u\u017cb specjalnych przygotowuj\u0105c materia\u0142y dla najwi\u0119kszych redakcji prasowych, radiowych i&nbsp;telewizyjnych. Publikuj\u0105c w&nbsp;1999 r. cykl artyku\u0142\u00f3w o&nbsp;szpiegostwie w&nbsp;Polsce przyczyni\u0142 si\u0119 bezpo\u015brednio do aresztowania i&nbsp;postawienia przed s\u0105dem czterech agent\u00f3w obcych s\u0142u\u017cb wywiadowczych (Rosji i&nbsp;USA). Wielokrotnie wyr\u00f3\u017cniany za publikacje z&nbsp;dziedziny dziennikarstwa \u015bledczego. W&nbsp;2002 r. wys\u0142annik Freedom House do Hawany, sk\u0105d raportowa\u0142 o&nbsp;\u0142amaniu praw cz\u0142owieka przez dyktatur\u0119 braci Castro. Mi\u0119dzynarodowy obserwator wybor\u00f3w prezydenckich na po\u0142udniowym wschodzie Ukrainy w&nbsp;2004 r.<br><br><\/p>\n<!-- \/wp:paragraph -->","_pl_post_name":"dyskusja-panelowa-w-galerii-miejskiej-we-wroclawiu","_pl_post_excerpt":"Serdecznie zapraszamy\n21 maja 2015 (czwartek)\ngodz. 18.00\n","_pl_post_title":"Dyskusja panelowa w  Galerii Miejskiej we Wroc\u0142awiu.","_en_post_content":"","_en_post_name":"","_en_post_excerpt":"","_en_post_title":"","edit_language":"en","footnotes":""},"categories":[10,8],"tags":[],"class_list":["post-1707","post","type-post","status-publish","format-standard","has-post-thumbnail","hentry","category-archiwalne-wydarzenia","category-wydarzenia"],"yoast_head":"<!-- This site is optimized with the Yoast SEO plugin v16.8 - https:\/\/yoast.com\/wordpress\/plugins\/seo\/ -->\n<title>Dyskusja panelowa w Galerii Miejskiej we Wroc\u0142awiu. - Galeria Miejska we Wroc\u0142awiu<\/title>\n<meta name=\"robots\" content=\"index, follow, max-snippet:-1, max-image-preview:large, max-video-preview:-1\" \/>\n<link rel=\"canonical\" href=\"https:\/\/galeriamiejska.pl\/en\/dyskusja-panelowa-w-galerii-miejskiej-we-wroclawiu\/\" \/>\n<meta property=\"og:locale\" content=\"en_US\" \/>\n<meta property=\"og:type\" content=\"article\" \/>\n<meta property=\"og:title\" content=\"Dyskusja panelowa w Galerii Miejskiej we Wroc\u0142awiu. - Galeria Miejska we Wroc\u0142awiu\" \/>\n<meta property=\"og:description\" content=\"Serdecznie zapraszamy 21 maja 2015 (czwartek) godz. 18.00\" \/>\n<meta property=\"og:url\" content=\"https:\/\/galeriamiejska.pl\/en\/dyskusja-panelowa-w-galerii-miejskiej-we-wroclawiu\/\" \/>\n<meta property=\"og:site_name\" content=\"Galeria Miejska we Wroc\u0142awiu\" \/>\n<meta property=\"article:published_time\" content=\"2021-01-29T14:21:22+00:00\" \/>\n<meta property=\"article:modified_time\" content=\"2021-01-29T14:21:52+00:00\" \/>\n<meta property=\"og:image\" content=\"https:\/\/galeriamiejska.pl\/wp-content\/uploads\/2021\/01\/301_noname.jpg\" \/>\n\t<meta property=\"og:image:width\" content=\"640\" \/>\n\t<meta property=\"og:image:height\" content=\"340\" \/>\n<meta name=\"twitter:card\" content=\"summary_large_image\" \/>\n<meta name=\"twitter:label1\" content=\"Written by\" \/>\n\t<meta name=\"twitter:data1\" content=\"admin\" \/>\n\t<meta name=\"twitter:label2\" content=\"Est. reading time\" \/>\n\t<meta name=\"twitter:data2\" content=\"2 minutes\" \/>\n<script type=\"application\/ld+json\" class=\"yoast-schema-graph\">{\"@context\":\"https:\/\/schema.org\",\"@graph\":[{\"@type\":\"WebSite\",\"@id\":\"https:\/\/galeriamiejska.pl\/en\/#website\",\"url\":\"https:\/\/galeriamiejska.pl\/en\/\",\"name\":\"Galeria Miejska we Wroc\\u0142awiu\",\"description\":\"\",\"potentialAction\":[{\"@type\":\"SearchAction\",\"target\":{\"@type\":\"EntryPoint\",\"urlTemplate\":\"https:\/\/galeriamiejska.pl\/en\/?s={search_term_string}\"},\"query-input\":\"required name=search_term_string\"}],\"inLanguage\":\"\"},{\"@type\":\"ImageObject\",\"@id\":\"https:\/\/galeriamiejska.pl\/en\/dyskusja-panelowa-w-galerii-miejskiej-we-wroclawiu\/#primaryimage\",\"inLanguage\":\"\",\"url\":\"https:\/\/galeriamiejska.pl\/wp-content\/uploads\/2021\/01\/301_noname.jpg\",\"contentUrl\":\"https:\/\/galeriamiejska.pl\/wp-content\/uploads\/2021\/01\/301_noname.jpg\",\"width\":640,\"height\":340},{\"@type\":\"WebPage\",\"@id\":\"https:\/\/galeriamiejska.pl\/en\/dyskusja-panelowa-w-galerii-miejskiej-we-wroclawiu\/#webpage\",\"url\":\"https:\/\/galeriamiejska.pl\/en\/dyskusja-panelowa-w-galerii-miejskiej-we-wroclawiu\/\",\"name\":\"Dyskusja panelowa w Galerii Miejskiej we Wroc\\u0142awiu. - Galeria Miejska we Wroc\\u0142awiu\",\"isPartOf\":{\"@id\":\"https:\/\/galeriamiejska.pl\/en\/#website\"},\"primaryImageOfPage\":{\"@id\":\"https:\/\/galeriamiejska.pl\/en\/dyskusja-panelowa-w-galerii-miejskiej-we-wroclawiu\/#primaryimage\"},\"datePublished\":\"2021-01-29T14:21:22+00:00\",\"dateModified\":\"2021-01-29T14:21:52+00:00\",\"author\":{\"@id\":\"https:\/\/galeriamiejska.pl\/en\/#\/schema\/person\/cd4f04b0a13c9114f95e23b489b6f9cb\"},\"breadcrumb\":{\"@id\":\"https:\/\/galeriamiejska.pl\/en\/dyskusja-panelowa-w-galerii-miejskiej-we-wroclawiu\/#breadcrumb\"},\"inLanguage\":\"\",\"potentialAction\":[{\"@type\":\"ReadAction\",\"target\":[\"https:\/\/galeriamiejska.pl\/en\/dyskusja-panelowa-w-galerii-miejskiej-we-wroclawiu\/\"]}]},{\"@type\":\"BreadcrumbList\",\"@id\":\"https:\/\/galeriamiejska.pl\/en\/dyskusja-panelowa-w-galerii-miejskiej-we-wroclawiu\/#breadcrumb\",\"itemListElement\":[{\"@type\":\"ListItem\",\"position\":1,\"name\":\"Strona g\\u0142\\u00f3wna\",\"item\":\"https:\/\/galeriamiejska.pl\/en\/\"},{\"@type\":\"ListItem\",\"position\":2,\"name\":\"Dyskusja panelowa w Galerii Miejskiej we Wroc\\u0142awiu.\"}]},{\"@type\":\"Person\",\"@id\":\"https:\/\/galeriamiejska.pl\/en\/#\/schema\/person\/cd4f04b0a13c9114f95e23b489b6f9cb\",\"name\":\"admin\",\"image\":{\"@type\":\"ImageObject\",\"@id\":\"https:\/\/galeriamiejska.pl\/en\/#personlogo\",\"inLanguage\":\"\",\"url\":\"https:\/\/secure.gravatar.com\/avatar\/3ded5a36984f92b80e2d99cc96780fe89cd37f7fd652108d182620efbb1566fd?s=96&d=mm&r=g\",\"contentUrl\":\"https:\/\/secure.gravatar.com\/avatar\/3ded5a36984f92b80e2d99cc96780fe89cd37f7fd652108d182620efbb1566fd?s=96&d=mm&r=g\",\"caption\":\"admin\"},\"sameAs\":[\"http:\/\/galeriamiejska.pl\"],\"url\":\"https:\/\/galeriamiejska.pl\/en\/author\/admin\/\"}]}<\/script>\n<!-- \/ Yoast SEO plugin. -->","yoast_head_json":{"title":"Dyskusja panelowa w Galerii Miejskiej we Wroc\u0142awiu. - Galeria Miejska we Wroc\u0142awiu","robots":{"index":"index","follow":"follow","max-snippet":"max-snippet:-1","max-image-preview":"max-image-preview:large","max-video-preview":"max-video-preview:-1"},"canonical":"https:\/\/galeriamiejska.pl\/en\/dyskusja-panelowa-w-galerii-miejskiej-we-wroclawiu\/","og_locale":"en_US","og_type":"article","og_title":"Dyskusja panelowa w Galerii Miejskiej we Wroc\u0142awiu. - Galeria Miejska we Wroc\u0142awiu","og_description":"Serdecznie zapraszamy 21 maja 2015 (czwartek) godz. 18.00","og_url":"https:\/\/galeriamiejska.pl\/en\/dyskusja-panelowa-w-galerii-miejskiej-we-wroclawiu\/","og_site_name":"Galeria Miejska we Wroc\u0142awiu","article_published_time":"2021-01-29T14:21:22+00:00","article_modified_time":"2021-01-29T14:21:52+00:00","og_image":[{"width":640,"height":340,"url":"https:\/\/galeriamiejska.pl\/wp-content\/uploads\/2021\/01\/301_noname.jpg","path":"\/autoinstalator\/wordpress\/wp-content\/uploads\/2021\/01\/301_noname.jpg","size":"full","id":1708,"alt":"","pixels":217600,"type":"image\/jpeg"}],"twitter_card":"summary_large_image","twitter_misc":{"Written by":"admin","Est. reading time":"2 minutes"},"schema":{"@context":"https:\/\/schema.org","@graph":[{"@type":"WebSite","@id":"https:\/\/galeriamiejska.pl\/en\/#website","url":"https:\/\/galeriamiejska.pl\/en\/","name":"Galeria Miejska we Wroc\u0142awiu","description":"","potentialAction":[{"@type":"SearchAction","target":{"@type":"EntryPoint","urlTemplate":"https:\/\/galeriamiejska.pl\/en\/?s={search_term_string}"},"query-input":"required name=search_term_string"}],"inLanguage":""},{"@type":"ImageObject","@id":"https:\/\/galeriamiejska.pl\/en\/dyskusja-panelowa-w-galerii-miejskiej-we-wroclawiu\/#primaryimage","inLanguage":"","url":"https:\/\/galeriamiejska.pl\/wp-content\/uploads\/2021\/01\/301_noname.jpg","contentUrl":"https:\/\/galeriamiejska.pl\/wp-content\/uploads\/2021\/01\/301_noname.jpg","width":640,"height":340},{"@type":"WebPage","@id":"https:\/\/galeriamiejska.pl\/en\/dyskusja-panelowa-w-galerii-miejskiej-we-wroclawiu\/#webpage","url":"https:\/\/galeriamiejska.pl\/en\/dyskusja-panelowa-w-galerii-miejskiej-we-wroclawiu\/","name":"Dyskusja panelowa w Galerii Miejskiej we Wroc\u0142awiu. - Galeria Miejska we Wroc\u0142awiu","isPartOf":{"@id":"https:\/\/galeriamiejska.pl\/en\/#website"},"primaryImageOfPage":{"@id":"https:\/\/galeriamiejska.pl\/en\/dyskusja-panelowa-w-galerii-miejskiej-we-wroclawiu\/#primaryimage"},"datePublished":"2021-01-29T14:21:22+00:00","dateModified":"2021-01-29T14:21:52+00:00","author":{"@id":"https:\/\/galeriamiejska.pl\/en\/#\/schema\/person\/cd4f04b0a13c9114f95e23b489b6f9cb"},"breadcrumb":{"@id":"https:\/\/galeriamiejska.pl\/en\/dyskusja-panelowa-w-galerii-miejskiej-we-wroclawiu\/#breadcrumb"},"inLanguage":"","potentialAction":[{"@type":"ReadAction","target":["https:\/\/galeriamiejska.pl\/en\/dyskusja-panelowa-w-galerii-miejskiej-we-wroclawiu\/"]}]},{"@type":"BreadcrumbList","@id":"https:\/\/galeriamiejska.pl\/en\/dyskusja-panelowa-w-galerii-miejskiej-we-wroclawiu\/#breadcrumb","itemListElement":[{"@type":"ListItem","position":1,"name":"Strona g\u0142\u00f3wna","item":"https:\/\/galeriamiejska.pl\/en\/"},{"@type":"ListItem","position":2,"name":"Dyskusja panelowa w Galerii Miejskiej we Wroc\u0142awiu."}]},{"@type":"Person","@id":"https:\/\/galeriamiejska.pl\/en\/#\/schema\/person\/cd4f04b0a13c9114f95e23b489b6f9cb","name":"admin","image":{"@type":"ImageObject","@id":"https:\/\/galeriamiejska.pl\/en\/#personlogo","inLanguage":"","url":"https:\/\/secure.gravatar.com\/avatar\/3ded5a36984f92b80e2d99cc96780fe89cd37f7fd652108d182620efbb1566fd?s=96&d=mm&r=g","contentUrl":"https:\/\/secure.gravatar.com\/avatar\/3ded5a36984f92b80e2d99cc96780fe89cd37f7fd652108d182620efbb1566fd?s=96&d=mm&r=g","caption":"admin"},"sameAs":["http:\/\/galeriamiejska.pl"],"url":"https:\/\/galeriamiejska.pl\/en\/author\/admin\/"}]}},"_links":{"self":[{"href":"https:\/\/galeriamiejska.pl\/en\/wp-json\/wp\/v2\/posts\/1707","targetHints":{"allow":["GET"]}}],"collection":[{"href":"https:\/\/galeriamiejska.pl\/en\/wp-json\/wp\/v2\/posts"}],"about":[{"href":"https:\/\/galeriamiejska.pl\/en\/wp-json\/wp\/v2\/types\/post"}],"author":[{"embeddable":true,"href":"https:\/\/galeriamiejska.pl\/en\/wp-json\/wp\/v2\/users\/1"}],"replies":[{"embeddable":true,"href":"https:\/\/galeriamiejska.pl\/en\/wp-json\/wp\/v2\/comments?post=1707"}],"version-history":[{"count":3,"href":"https:\/\/galeriamiejska.pl\/en\/wp-json\/wp\/v2\/posts\/1707\/revisions"}],"predecessor-version":[{"id":1712,"href":"https:\/\/galeriamiejska.pl\/en\/wp-json\/wp\/v2\/posts\/1707\/revisions\/1712"}],"wp:featuredmedia":[{"embeddable":true,"href":"https:\/\/galeriamiejska.pl\/en\/wp-json\/wp\/v2\/media\/1708"}],"wp:attachment":[{"href":"https:\/\/galeriamiejska.pl\/en\/wp-json\/wp\/v2\/media?parent=1707"}],"wp:term":[{"taxonomy":"category","embeddable":true,"href":"https:\/\/galeriamiejska.pl\/en\/wp-json\/wp\/v2\/categories?post=1707"},{"taxonomy":"post_tag","embeddable":true,"href":"https:\/\/galeriamiejska.pl\/en\/wp-json\/wp\/v2\/tags?post=1707"}],"curies":[{"name":"wp","href":"https:\/\/api.w.org\/{rel}","templated":true}]}}