{"id":1674,"date":"2021-01-29T11:20:54","date_gmt":"2021-01-29T11:20:54","guid":{"rendered":"http:\/\/galeriamiejska.pl\/?p=1674"},"modified":"2021-12-07T10:04:45","modified_gmt":"2021-12-07T10:04:45","slug":"","status":"publish","type":"post","link":"https:\/\/galeriamiejska.pl\/en\/odlot-nowe-tematy-historii-sztuki-vol-2\/","title":{"rendered":"","raw":""},"content":{"rendered":"","protected":false,"raw":""},"excerpt":{"rendered":"","protected":false,"raw":""},"author":1,"featured_media":1675,"comment_status":"open","ping_status":"open","sticky":false,"template":"","format":"standard","meta":{"_pl_post_content":"<!-- wp:paragraph -->\n<p>23 MARCA 2015 CafeTHEA, Przej\u015bcie \u017bela\u017anicze 4<\/p>\n<!-- \/wp:paragraph -->\n\n<!-- wp:paragraph -->\n<p>8:15 OTWARCIE KONFERENCJI<br>PANEL I<\/p>\n<!-- \/wp:paragraph -->\n\n<!-- wp:paragraph -->\n<p>8:00 \u2013 8:20 \u201eKochanie chyba zmniejszy\u0142em ludzko\u015b\u0107\u201d. Transhumanizm w sztuce projektowania. \u25cf mgr Grzegorz Zyzik<br>8:20 \u2013 8:40 You know we want some discipline \u25cf mgr Jan Piotr Cie\u015blak<br>8:40 \u2013 9:00 Liberatura i poezja eksperymentalna \u2013 mi\u0119dzy literatur\u0105 a sztuk\u0105 \u25cf mgr Ewelina Kury\u0142ek<br>9:00 \u2013 9:20 Mi\u0119dzy histori\u0105 sztuki a teatrem \u2013 transpozycja refleksji Rosalind Krauss na materi\u0119 spektaklu \u25cf mgr Sabina Macioszek<br>9:20 \u2013 9:40 Dyskusja<br>9:40 \u2013 10:00 Przerwa kawowa<\/p>\n<!-- \/wp:paragraph -->\n\n<!-- wp:paragraph -->\n<p>PANEL II<\/p>\n<!-- \/wp:paragraph -->\n\n<!-- wp:paragraph -->\n<p>10:00 \u2013 10:20 Problematyka kolekcjonerstwa Street Artu \u25cf mgr Anna Bakiera<br>10:20 \u2013 10:40 CLET i Jego gra skojarzeniowa \u2013 odbi\u00f3r dzie\u0142 sztuki typu Street Art. \u25cf mgr Natalia Charkiewicz<br>10:40 \u2013 11:00 Artysta jako miejski partyzant \u25cf mgr Gabriela Pienias<br>11:00 \u2013 11:20 Dyskusja<br>11:20 \u2013 11:40 Przerwa kawowa<\/p>\n<!-- \/wp:paragraph -->\n\n<!-- wp:paragraph -->\n<p>PANEL III<\/p>\n<!-- \/wp:paragraph -->\n\n<!-- wp:paragraph -->\n<p>11:40 \u2013 12:00 Wodzenie za nos konsumenta, czyli o wsp\u00f3\u0142czesnych flakonach perfum \u25cf lic. Joanna Ka\u017amierczak<br>12:00 \u2013 12:20 Sztuka w\u0142\u00f3kna. Tkanina artystyczna i przemys\u0142owa po 1945 roku \u25cf lic. Sonia K\u0105dzio\u0142ka<br>12:20 \u2013 12:40 Z\u0142om jako materia(\u0142) dzie\u0142a sztuki \u25cf mgr Karolina Glazor \u2013 Pomyka\u0142a<br>12:40 \u2013 13:00 Dyskusja<br>13:00 \u2013 13:20 Przerwa kawowa<\/p>\n<!-- \/wp:paragraph -->\n\n<!-- wp:paragraph -->\n<p>PANEL IV<\/p>\n<!-- \/wp:paragraph -->\n\n<!-- wp:paragraph -->\n<p>13:20 \u2013 13:40 Gda\u0144ska architektura lat dziewi\u0119\u0107dziesi\u0105tych jako lokalny przejaw kiczu \u25cf mgr Dominika Piluk<br>13:40 \u2013 14:00 Cellules Absalona. Mi\u0119dzy architektur\u0105 a rze\u017ab\u0105 \u25cf mgr Agnieszka Sinicka<br>14:00 \u2013 14:20 Oswajanie przestrzeni. Blokowisko wobec kultury postmodernizmu \u25cf lic. Anna Szynkarczuk<br>14:20 \u2013 14:40 Dyskusja<br>14:40 \u2013 16:00 Przerwa obiadowa<\/p>\n<!-- \/wp:paragraph -->\n\n<!-- wp:paragraph -->\n<p>PANEL V<\/p>\n<!-- \/wp:paragraph -->\n\n<!-- wp:paragraph -->\n<p>16:00 \u2013 16:20 No woman, no art. \u2013 feministyczna teoria sztuki na przyk\u0142adzie tw\u00f3rczo\u015bci czeskiej artystki Toyen \u25cf lic. Olga Kasztelewicz<br>16:20 \u2013 16:40 Queer Art History \u25cf mgr Rafa\u0142 Piekarz<br>16:40 \u2013 16:50<br>Dyskusja 16:50 \u2013 17:00<\/p>\n<!-- \/wp:paragraph -->\n\n<!-- wp:paragraph -->\n<p>PANEL VI<\/p>\n<!-- \/wp:paragraph -->\n\n<!-- wp:paragraph -->\n<p>17:00 \u2013 17:20 Make your own art., don\u2019t expect me to do it for you \u2013 sztuka w sieci Igora Stromajera \u25cf mgr Joanna \u015awi\u0105tek<br>17:20 \u2013 17:40 \u201eMuzeum mem\u00f3w\u201d , czyli stara sztuka w nowych mediach. O zaskakuj\u0105cej obecno\u015bci wielkich dzie\u0142 w serwisach spo\u0142eczno\u015bciowych \u25cf mgr Joanna Macalik<br>17:40 \u2013 18:00 Iron Man jako kolekcjoner dzie\u0142 sztuki czyli po co kulturze popularnej sztuka wsp\u00f3\u0142czesna \u25cf mgr Helena Postawka \u2013 Lech<br>18:00 \u2013 18:20 Wydrukujmy sobie sztuk\u0119 , czyli o tym, czy drukarka 3D zast\u0105pi artyst\u0119 \u25cf mgr Mi\u0142osz Zarzycki<br>18:20 \u2013 18:40 9 oczu \u25cf lic. Pawe\u0142 Michna<br>18:40 \u2013 19:00 Dyskusja<\/p>\n<!-- \/wp:paragraph -->\n\n<!-- wp:paragraph -->\n<p>19:00 \u2013 19:15 Zamkni\u0119cie konferencji<\/p>\n<!-- \/wp:paragraph -->","_pl_post_name":"odlot-nowe-tematy-historii-sztuki-vol-2","_pl_post_excerpt":"CafeTHEA, Przej\u015bcie \u017bela\u017anicze 4","_pl_post_title":"ODLOT. NOWE TEMATY HISTORII SZTUKI. VOL. 2","_en_post_content":"","_en_post_name":"","_en_post_excerpt":"","_en_post_title":"","edit_language":"en","footnotes":""},"categories":[10,8],"tags":[],"class_list":["post-1674","post","type-post","status-publish","format-standard","has-post-thumbnail","hentry","category-archiwalne-wydarzenia","category-wydarzenia"],"yoast_head":"<!-- This site is optimized with the Yoast SEO plugin v16.8 - https:\/\/yoast.com\/wordpress\/plugins\/seo\/ -->\n<title>ODLOT. NOWE TEMATY HISTORII SZTUKI. VOL. 2 - Galeria Miejska we Wroc\u0142awiu<\/title>\n<meta name=\"robots\" content=\"index, follow, max-snippet:-1, max-image-preview:large, max-video-preview:-1\" \/>\n<link rel=\"canonical\" href=\"https:\/\/galeriamiejska.pl\/en\/odlot-nowe-tematy-historii-sztuki-vol-2\/\" \/>\n<meta property=\"og:locale\" content=\"en_US\" \/>\n<meta property=\"og:type\" content=\"article\" \/>\n<meta property=\"og:title\" content=\"ODLOT. NOWE TEMATY HISTORII SZTUKI. VOL. 2 - Galeria Miejska we Wroc\u0142awiu\" \/>\n<meta property=\"og:description\" content=\"CafeTHEA, Przej\u015bcie \u017bela\u017anicze 4\" \/>\n<meta property=\"og:url\" content=\"https:\/\/galeriamiejska.pl\/en\/odlot-nowe-tematy-historii-sztuki-vol-2\/\" \/>\n<meta property=\"og:site_name\" content=\"Galeria Miejska we Wroc\u0142awiu\" \/>\n<meta property=\"article:published_time\" content=\"2021-01-29T11:20:54+00:00\" \/>\n<meta property=\"article:modified_time\" content=\"2021-12-07T10:04:45+00:00\" \/>\n<meta property=\"og:image\" content=\"https:\/\/galeriamiejska.pl\/wp-content\/uploads\/2021\/01\/269_noname.jpg\" \/>\n\t<meta property=\"og:image:width\" content=\"640\" \/>\n\t<meta property=\"og:image:height\" content=\"340\" \/>\n<meta name=\"twitter:card\" content=\"summary_large_image\" \/>\n<meta name=\"twitter:label1\" content=\"Written by\" \/>\n\t<meta name=\"twitter:data1\" content=\"admin\" \/>\n\t<meta name=\"twitter:label2\" content=\"Est. reading time\" \/>\n\t<meta name=\"twitter:data2\" content=\"2 minutes\" \/>\n<script type=\"application\/ld+json\" class=\"yoast-schema-graph\">{\"@context\":\"https:\/\/schema.org\",\"@graph\":[{\"@type\":\"WebSite\",\"@id\":\"https:\/\/galeriamiejska.pl\/en\/#website\",\"url\":\"https:\/\/galeriamiejska.pl\/en\/\",\"name\":\"Galeria Miejska we Wroc\\u0142awiu\",\"description\":\"\",\"potentialAction\":[{\"@type\":\"SearchAction\",\"target\":{\"@type\":\"EntryPoint\",\"urlTemplate\":\"https:\/\/galeriamiejska.pl\/en\/?s={search_term_string}\"},\"query-input\":\"required name=search_term_string\"}],\"inLanguage\":\"\"},{\"@type\":\"ImageObject\",\"@id\":\"https:\/\/galeriamiejska.pl\/en\/odlot-nowe-tematy-historii-sztuki-vol-2\/#primaryimage\",\"inLanguage\":\"\",\"url\":\"https:\/\/galeriamiejska.pl\/wp-content\/uploads\/2021\/01\/269_noname.jpg\",\"contentUrl\":\"https:\/\/galeriamiejska.pl\/wp-content\/uploads\/2021\/01\/269_noname.jpg\",\"width\":640,\"height\":340},{\"@type\":\"WebPage\",\"@id\":\"https:\/\/galeriamiejska.pl\/en\/odlot-nowe-tematy-historii-sztuki-vol-2\/#webpage\",\"url\":\"https:\/\/galeriamiejska.pl\/en\/odlot-nowe-tematy-historii-sztuki-vol-2\/\",\"name\":\"ODLOT. NOWE TEMATY HISTORII SZTUKI. VOL. 2 - Galeria Miejska we Wroc\\u0142awiu\",\"isPartOf\":{\"@id\":\"https:\/\/galeriamiejska.pl\/en\/#website\"},\"primaryImageOfPage\":{\"@id\":\"https:\/\/galeriamiejska.pl\/en\/odlot-nowe-tematy-historii-sztuki-vol-2\/#primaryimage\"},\"datePublished\":\"2021-01-29T11:20:54+00:00\",\"dateModified\":\"2021-12-07T10:04:45+00:00\",\"author\":{\"@id\":\"https:\/\/galeriamiejska.pl\/en\/#\/schema\/person\/cd4f04b0a13c9114f95e23b489b6f9cb\"},\"breadcrumb\":{\"@id\":\"https:\/\/galeriamiejska.pl\/en\/odlot-nowe-tematy-historii-sztuki-vol-2\/#breadcrumb\"},\"inLanguage\":\"\",\"potentialAction\":[{\"@type\":\"ReadAction\",\"target\":[\"https:\/\/galeriamiejska.pl\/en\/odlot-nowe-tematy-historii-sztuki-vol-2\/\"]}]},{\"@type\":\"BreadcrumbList\",\"@id\":\"https:\/\/galeriamiejska.pl\/en\/odlot-nowe-tematy-historii-sztuki-vol-2\/#breadcrumb\",\"itemListElement\":[{\"@type\":\"ListItem\",\"position\":1,\"name\":\"Strona g\\u0142\\u00f3wna\",\"item\":\"https:\/\/galeriamiejska.pl\/en\/\"},{\"@type\":\"ListItem\",\"position\":2,\"name\":\"ODLOT. NOWE TEMATY HISTORII SZTUKI. VOL. 2\"}]},{\"@type\":\"Person\",\"@id\":\"https:\/\/galeriamiejska.pl\/en\/#\/schema\/person\/cd4f04b0a13c9114f95e23b489b6f9cb\",\"name\":\"admin\",\"image\":{\"@type\":\"ImageObject\",\"@id\":\"https:\/\/galeriamiejska.pl\/en\/#personlogo\",\"inLanguage\":\"\",\"url\":\"https:\/\/secure.gravatar.com\/avatar\/3ded5a36984f92b80e2d99cc96780fe89cd37f7fd652108d182620efbb1566fd?s=96&d=mm&r=g\",\"contentUrl\":\"https:\/\/secure.gravatar.com\/avatar\/3ded5a36984f92b80e2d99cc96780fe89cd37f7fd652108d182620efbb1566fd?s=96&d=mm&r=g\",\"caption\":\"admin\"},\"sameAs\":[\"http:\/\/galeriamiejska.pl\"],\"url\":\"https:\/\/galeriamiejska.pl\/en\/author\/admin\/\"}]}<\/script>\n<!-- \/ Yoast SEO plugin. -->","yoast_head_json":{"title":"ODLOT. NOWE TEMATY HISTORII SZTUKI. VOL. 2 - Galeria Miejska we Wroc\u0142awiu","robots":{"index":"index","follow":"follow","max-snippet":"max-snippet:-1","max-image-preview":"max-image-preview:large","max-video-preview":"max-video-preview:-1"},"canonical":"https:\/\/galeriamiejska.pl\/en\/odlot-nowe-tematy-historii-sztuki-vol-2\/","og_locale":"en_US","og_type":"article","og_title":"ODLOT. NOWE TEMATY HISTORII SZTUKI. VOL. 2 - Galeria Miejska we Wroc\u0142awiu","og_description":"CafeTHEA, Przej\u015bcie \u017bela\u017anicze 4","og_url":"https:\/\/galeriamiejska.pl\/en\/odlot-nowe-tematy-historii-sztuki-vol-2\/","og_site_name":"Galeria Miejska we Wroc\u0142awiu","article_published_time":"2021-01-29T11:20:54+00:00","article_modified_time":"2021-12-07T10:04:45+00:00","og_image":[{"width":640,"height":340,"url":"https:\/\/galeriamiejska.pl\/wp-content\/uploads\/2021\/01\/269_noname.jpg","path":"\/autoinstalator\/wordpress\/wp-content\/uploads\/2021\/01\/269_noname.jpg","size":"full","id":1675,"alt":"","pixels":217600,"type":"image\/jpeg"}],"twitter_card":"summary_large_image","twitter_misc":{"Written by":"admin","Est. reading time":"2 minutes"},"schema":{"@context":"https:\/\/schema.org","@graph":[{"@type":"WebSite","@id":"https:\/\/galeriamiejska.pl\/en\/#website","url":"https:\/\/galeriamiejska.pl\/en\/","name":"Galeria Miejska we Wroc\u0142awiu","description":"","potentialAction":[{"@type":"SearchAction","target":{"@type":"EntryPoint","urlTemplate":"https:\/\/galeriamiejska.pl\/en\/?s={search_term_string}"},"query-input":"required name=search_term_string"}],"inLanguage":""},{"@type":"ImageObject","@id":"https:\/\/galeriamiejska.pl\/en\/odlot-nowe-tematy-historii-sztuki-vol-2\/#primaryimage","inLanguage":"","url":"https:\/\/galeriamiejska.pl\/wp-content\/uploads\/2021\/01\/269_noname.jpg","contentUrl":"https:\/\/galeriamiejska.pl\/wp-content\/uploads\/2021\/01\/269_noname.jpg","width":640,"height":340},{"@type":"WebPage","@id":"https:\/\/galeriamiejska.pl\/en\/odlot-nowe-tematy-historii-sztuki-vol-2\/#webpage","url":"https:\/\/galeriamiejska.pl\/en\/odlot-nowe-tematy-historii-sztuki-vol-2\/","name":"ODLOT. NOWE TEMATY HISTORII SZTUKI. VOL. 2 - Galeria Miejska we Wroc\u0142awiu","isPartOf":{"@id":"https:\/\/galeriamiejska.pl\/en\/#website"},"primaryImageOfPage":{"@id":"https:\/\/galeriamiejska.pl\/en\/odlot-nowe-tematy-historii-sztuki-vol-2\/#primaryimage"},"datePublished":"2021-01-29T11:20:54+00:00","dateModified":"2021-12-07T10:04:45+00:00","author":{"@id":"https:\/\/galeriamiejska.pl\/en\/#\/schema\/person\/cd4f04b0a13c9114f95e23b489b6f9cb"},"breadcrumb":{"@id":"https:\/\/galeriamiejska.pl\/en\/odlot-nowe-tematy-historii-sztuki-vol-2\/#breadcrumb"},"inLanguage":"","potentialAction":[{"@type":"ReadAction","target":["https:\/\/galeriamiejska.pl\/en\/odlot-nowe-tematy-historii-sztuki-vol-2\/"]}]},{"@type":"BreadcrumbList","@id":"https:\/\/galeriamiejska.pl\/en\/odlot-nowe-tematy-historii-sztuki-vol-2\/#breadcrumb","itemListElement":[{"@type":"ListItem","position":1,"name":"Strona g\u0142\u00f3wna","item":"https:\/\/galeriamiejska.pl\/en\/"},{"@type":"ListItem","position":2,"name":"ODLOT. NOWE TEMATY HISTORII SZTUKI. VOL. 2"}]},{"@type":"Person","@id":"https:\/\/galeriamiejska.pl\/en\/#\/schema\/person\/cd4f04b0a13c9114f95e23b489b6f9cb","name":"admin","image":{"@type":"ImageObject","@id":"https:\/\/galeriamiejska.pl\/en\/#personlogo","inLanguage":"","url":"https:\/\/secure.gravatar.com\/avatar\/3ded5a36984f92b80e2d99cc96780fe89cd37f7fd652108d182620efbb1566fd?s=96&d=mm&r=g","contentUrl":"https:\/\/secure.gravatar.com\/avatar\/3ded5a36984f92b80e2d99cc96780fe89cd37f7fd652108d182620efbb1566fd?s=96&d=mm&r=g","caption":"admin"},"sameAs":["http:\/\/galeriamiejska.pl"],"url":"https:\/\/galeriamiejska.pl\/en\/author\/admin\/"}]}},"_links":{"self":[{"href":"https:\/\/galeriamiejska.pl\/en\/wp-json\/wp\/v2\/posts\/1674","targetHints":{"allow":["GET"]}}],"collection":[{"href":"https:\/\/galeriamiejska.pl\/en\/wp-json\/wp\/v2\/posts"}],"about":[{"href":"https:\/\/galeriamiejska.pl\/en\/wp-json\/wp\/v2\/types\/post"}],"author":[{"embeddable":true,"href":"https:\/\/galeriamiejska.pl\/en\/wp-json\/wp\/v2\/users\/1"}],"replies":[{"embeddable":true,"href":"https:\/\/galeriamiejska.pl\/en\/wp-json\/wp\/v2\/comments?post=1674"}],"version-history":[{"count":3,"href":"https:\/\/galeriamiejska.pl\/en\/wp-json\/wp\/v2\/posts\/1674\/revisions"}],"predecessor-version":[{"id":4683,"href":"https:\/\/galeriamiejska.pl\/en\/wp-json\/wp\/v2\/posts\/1674\/revisions\/4683"}],"wp:featuredmedia":[{"embeddable":true,"href":"https:\/\/galeriamiejska.pl\/en\/wp-json\/wp\/v2\/media\/1675"}],"wp:attachment":[{"href":"https:\/\/galeriamiejska.pl\/en\/wp-json\/wp\/v2\/media?parent=1674"}],"wp:term":[{"taxonomy":"category","embeddable":true,"href":"https:\/\/galeriamiejska.pl\/en\/wp-json\/wp\/v2\/categories?post=1674"},{"taxonomy":"post_tag","embeddable":true,"href":"https:\/\/galeriamiejska.pl\/en\/wp-json\/wp\/v2\/tags?post=1674"}],"curies":[{"name":"wp","href":"https:\/\/api.w.org\/{rel}","templated":true}]}}