{"id":1669,"date":"2021-01-29T11:20:11","date_gmt":"2021-01-29T11:20:11","guid":{"rendered":"http:\/\/galeriamiejska.pl\/?p=1669"},"modified":"2021-12-07T10:05:40","modified_gmt":"2021-12-07T10:05:40","slug":"","status":"publish","type":"post","link":"https:\/\/galeriamiejska.pl\/en\/milosz-flis-pochodnie\/","title":{"rendered":"Mi\u0142osz Flis ","raw":"Mi\u0142osz Flis "},"content":{"rendered":"\n<p><strong>My objects are an intuitive way to tell what could go wrong<\/strong><br><br>Gallery Vernon and Galeria Miejska presents a&nbsp;solo exhibition by young Polish artist Mi\u0142osz Flis that shows his paintings, sculptures and objects experimenting with a&nbsp;form, meaning and cultural context. Intuitive, visionary and playful at the same time might be the synonyms for Flis`s art.<br><br>Milosz Flis was born in 1986 in Lublin, Poland, and has graduated in 2012 at the studio of prof. Janusz Kucharski at the Sculpture Department of the Academy of Fine Arts in Wroclaw. He deals with sculpture, painting, graphics and computer graphics based on both formal and technological experiments. He is interested in abstraction as well as figurative art. He has held three individual exhibition in Wroclaw and participated on group exhibitions at different location of Poland.<br><br>In his art, he aims to keep his activities in the sphere of art the most intuitive and straightforward: \u201eBased on previous experience of painting I&nbsp;concluded, that the image formation process often took place without the participation of consciousness, it became a&nbsp;ritual exchange of emotions between me and the work. Over the time, images have become more minimalistic, economical, giving the field to abstract juxtapositions of colors.\u201c<br><br>As for the sculpture, where the material used has a&nbsp;huge impact on the emotional potential of work, he relies on plastics, which he consider being a&nbsp;kind of part of the collective consciousness, the material that says a&nbsp;lot about a&nbsp;modern man. \u201eThe resulting objects are often constructed from found or recycled objects to be my personal reflections on the present. I&nbsp;like to think of them as potential discoveries of a&nbsp;man from the future, which as a&nbsp;result of some global catastrophe had no contact with the present civilization. My objects are an intuitive way to tell him what could go wrong\u201c &#8211; says Flis.<br><br><br>The exhibition is organized in cooperation of the Gallery Vernon and Galeria Miejska Wroclaw.<br><br><\/p>\n\n\n\n<figure class=\"wp-block-image size-large\"><img loading=\"lazy\" decoding=\"async\" width=\"445\" height=\"215\" src=\"http:\/\/galeriamiejska.pl\/wp-content\/uploads\/2021\/01\/244_1_noname.jpg\" alt=\"\" class=\"wp-image-1671\" srcset=\"https:\/\/galeriamiejska.pl\/wp-content\/uploads\/2021\/01\/244_1_noname.jpg 445w, https:\/\/galeriamiejska.pl\/wp-content\/uploads\/2021\/01\/244_1_noname-300x145.jpg 300w\" sizes=\"auto, (max-width: 445px) 100vw, 445px\" \/><\/figure>\n\n\n\n<p>The opening takes place at the presence of the artist and the Galeria Miejska Wroclaw delegation on tuesday 29. 7. 2014 at 6 pm at the Gallery Vernon, Jan\u00e1\u010dkovo n\u00e1b\u0159e\u017e\u00ed 21, Prague 5.<\/p>\n","protected":false,"raw":"<!-- wp:paragraph -->\n<p><strong>My objects are an intuitive way to tell what could go wrong<\/strong><br><br>Gallery Vernon and Galeria Miejska presents a&nbsp;solo exhibition by young Polish artist Mi\u0142osz Flis that shows his paintings, sculptures and objects experimenting with a&nbsp;form, meaning and cultural context. Intuitive, visionary and playful at the same time might be the synonyms for Flis`s art.<br><br>Milosz Flis was born in 1986 in Lublin, Poland, and has graduated in 2012 at the studio of prof. Janusz Kucharski at the Sculpture Department of the Academy of Fine Arts in Wroclaw. He deals with sculpture, painting, graphics and computer graphics based on both formal and technological experiments. He is interested in abstraction as well as figurative art. He has held three individual exhibition in Wroclaw and participated on group exhibitions at different location of Poland.<br><br>In his art, he aims to keep his activities in the sphere of art the most intuitive and straightforward: \u201eBased on previous experience of painting I&nbsp;concluded, that the image formation process often took place without the participation of consciousness, it became a&nbsp;ritual exchange of emotions between me and the work. Over the time, images have become more minimalistic, economical, giving the field to abstract juxtapositions of colors.\u201c<br><br>As for the sculpture, where the material used has a&nbsp;huge impact on the emotional potential of work, he relies on plastics, which he consider being a&nbsp;kind of part of the collective consciousness, the material that says a&nbsp;lot about a&nbsp;modern man. \u201eThe resulting objects are often constructed from found or recycled objects to be my personal reflections on the present. I&nbsp;like to think of them as potential discoveries of a&nbsp;man from the future, which as a&nbsp;result of some global catastrophe had no contact with the present civilization. My objects are an intuitive way to tell him what could go wrong\u201c - says Flis.<br><br><br>The exhibition is organized in cooperation of the Gallery Vernon and Galeria Miejska Wroclaw.<br><br><\/p>\n<!-- \/wp:paragraph -->\n\n<!-- wp:image {\"id\":1671,\"sizeSlug\":\"large\",\"linkDestination\":\"none\"} -->\n<figure class=\"wp-block-image size-large\"><img src=\"http:\/\/galeriamiejska.pl\/wp-content\/uploads\/2021\/01\/244_1_noname.jpg\" alt=\"\" class=\"wp-image-1671\"\/><\/figure>\n<!-- \/wp:image -->\n\n<!-- wp:paragraph -->\n<p>The opening takes place at the presence of the artist and the Galeria Miejska Wroclaw delegation on tuesday 29. 7. 2014 at 6 pm at the Gallery Vernon, Jan\u00e1\u010dkovo n\u00e1b\u0159e\u017e\u00ed 21, Prague 5.<\/p>\n<!-- \/wp:paragraph -->"},"excerpt":{"rendered":"","protected":false,"raw":""},"author":1,"featured_media":1670,"comment_status":"open","ping_status":"open","sticky":false,"template":"","format":"standard","meta":{"_pl_post_content":"<!-- wp:paragraph -->\n<p>\"Pochodnie\", to najnowsza indywidualna wystawa Mi\u0142osza Flisa, kt\u00f3ra jest pierwsz\u0105, tak obszern\u0105 prezentacj\u0105 tw\u00f3rczo\u015bci wroc\u0142awskiego artysty poza granicami Polski. I nie b\u0119dzie niczym z\u0142ym, je\u015bli napisz\u0119, \u017ce ekspozycja ta z za\u0142o\u017cenia jest bardziej form\u0105 rozbudowanego przegl\u0105du jego dotychczasowych dzia\u0142a\u0144, ni\u017c zamkni\u0119tym pod wzgl\u0119dem koncepcyjnym projektem artystycznym. Nie odnajdziemy tu bowiem okre\u015blonego klucza czy og\u00f3lnej idei, kt\u00f3ra spaja\u0142aby wystaw\u0119 t\u0119 w ca\u0142o\u015b\u0107, a wielow\u0105tkow\u0105 prezentacj\u0119 postawy artystycznej niezwykle uzdolnionego, polskiego tw\u00f3rcy, kt\u00f3ry dzi\u0119ki ogromnym umiej\u0119tno\u015bciom, jak i niestandardowemu podej\u015bciu do my\u015blenia o kreowanym przedmiocie, uznawany jest za jednego z ciekawszych i dobrze zapowiadaj\u0105cych si\u0119 artyst\u00f3w Wroc\u0142awia.<\/p>\n<!-- \/wp:paragraph -->\n\n<!-- wp:paragraph -->\n<p><strong>Partner<\/strong><\/p>\n<!-- \/wp:paragraph -->\n\n<!-- wp:image {\"id\":4684,\"sizeSlug\":\"full\",\"linkDestination\":\"none\"} -->\n<figure class=\"wp-block-image size-full\"><img src=\"https:\/\/galeriamiejska.pl\/wp-content\/uploads\/2021\/01\/243_1_noname.jpg\" alt=\"\" class=\"wp-image-4684\"\/><\/figure>\n<!-- \/wp:image -->","_pl_post_name":"milosz-flis-pochodnie","_pl_post_excerpt":"Wystawa indywidualna Mi\u0142osza Flisa czeskiej Galerii Vernon.","_pl_post_title":"Mi\u0142osz Flis \"Pochodnie\"","_en_post_content":"<!-- wp:paragraph -->\n<p><strong>My objects are an intuitive way to tell what could go wrong<\/strong><br><br>Gallery Vernon and Galeria Miejska presents a&nbsp;solo exhibition by young Polish artist Mi\u0142osz Flis that shows his paintings, sculptures and objects experimenting with a&nbsp;form, meaning and cultural context. Intuitive, visionary and playful at the same time might be the synonyms for Flis`s art.<br><br>Milosz Flis was born in 1986 in Lublin, Poland, and has graduated in 2012 at the studio of prof. Janusz Kucharski at the Sculpture Department of the Academy of Fine Arts in Wroclaw. He deals with sculpture, painting, graphics and computer graphics based on both formal and technological experiments. He is interested in abstraction as well as figurative art. He has held three individual exhibition in Wroclaw and participated on group exhibitions at different location of Poland.<br><br>In his art, he aims to keep his activities in the sphere of art the most intuitive and straightforward: \u201eBased on previous experience of painting I&nbsp;concluded, that the image formation process often took place without the participation of consciousness, it became a&nbsp;ritual exchange of emotions between me and the work. Over the time, images have become more minimalistic, economical, giving the field to abstract juxtapositions of colors.\u201c<br><br>As for the sculpture, where the material used has a&nbsp;huge impact on the emotional potential of work, he relies on plastics, which he consider being a&nbsp;kind of part of the collective consciousness, the material that says a&nbsp;lot about a&nbsp;modern man. \u201eThe resulting objects are often constructed from found or recycled objects to be my personal reflections on the present. I&nbsp;like to think of them as potential discoveries of a&nbsp;man from the future, which as a&nbsp;result of some global catastrophe had no contact with the present civilization. My objects are an intuitive way to tell him what could go wrong\u201c - says Flis.<br><br><br>The exhibition is organized in cooperation of the Gallery Vernon and Galeria Miejska Wroclaw.<br><br><\/p>\n<!-- \/wp:paragraph -->\n\n<!-- wp:image {\"id\":1671,\"sizeSlug\":\"large\",\"linkDestination\":\"none\"} -->\n<figure class=\"wp-block-image size-large\"><img src=\"http:\/\/galeriamiejska.pl\/wp-content\/uploads\/2021\/01\/244_1_noname.jpg\" alt=\"\" class=\"wp-image-1671\"\/><\/figure>\n<!-- \/wp:image -->\n\n<!-- wp:paragraph -->\n<p>The opening takes place at the presence of the artist and the Galeria Miejska Wroclaw delegation on tuesday 29. 7. 2014 at 6 pm at the Gallery Vernon, Jan\u00e1\u010dkovo n\u00e1b\u0159e\u017e\u00ed 21, Prague 5.<\/p>\n<!-- \/wp:paragraph -->","_en_post_name":"","_en_post_excerpt":"","_en_post_title":"Mi\u0142osz Flis ","edit_language":"en","footnotes":""},"categories":[10,8],"tags":[],"class_list":["post-1669","post","type-post","status-publish","format-standard","has-post-thumbnail","hentry","category-archiwalne-wydarzenia","category-wydarzenia"],"yoast_head":"<!-- This site is optimized with the Yoast SEO plugin v16.8 - https:\/\/yoast.com\/wordpress\/plugins\/seo\/ -->\n<title>Mi\u0142osz Flis &quot;Pochodnie&quot; - Galeria Miejska we Wroc\u0142awiu<\/title>\n<meta name=\"robots\" content=\"index, follow, max-snippet:-1, max-image-preview:large, max-video-preview:-1\" \/>\n<link rel=\"canonical\" href=\"https:\/\/galeriamiejska.pl\/en\/milosz-flis-pochodnie\/\" \/>\n<meta property=\"og:locale\" content=\"en_US\" \/>\n<meta property=\"og:type\" content=\"article\" \/>\n<meta property=\"og:title\" content=\"Mi\u0142osz Flis &quot;Pochodnie&quot; - Galeria Miejska we Wroc\u0142awiu\" \/>\n<meta property=\"og:description\" content=\"Wystawa indywidualna Mi\u0142osza Flisa czeskiej Galerii Vernon.\" \/>\n<meta property=\"og:url\" content=\"https:\/\/galeriamiejska.pl\/en\/milosz-flis-pochodnie\/\" \/>\n<meta property=\"og:site_name\" content=\"Galeria Miejska we Wroc\u0142awiu\" \/>\n<meta property=\"article:published_time\" content=\"2021-01-29T11:20:11+00:00\" \/>\n<meta property=\"article:modified_time\" content=\"2021-12-07T10:05:40+00:00\" \/>\n<meta property=\"og:image\" content=\"https:\/\/galeriamiejska.pl\/wp-content\/uploads\/2021\/01\/243_noname.jpg\" \/>\n\t<meta property=\"og:image:width\" content=\"640\" \/>\n\t<meta property=\"og:image:height\" content=\"340\" \/>\n<meta name=\"twitter:card\" content=\"summary_large_image\" \/>\n<meta name=\"twitter:label1\" content=\"Written by\" \/>\n\t<meta name=\"twitter:data1\" content=\"admin\" \/>\n\t<meta name=\"twitter:label2\" content=\"Est. reading time\" \/>\n\t<meta name=\"twitter:data2\" content=\"1 minute\" \/>\n<script type=\"application\/ld+json\" class=\"yoast-schema-graph\">{\"@context\":\"https:\/\/schema.org\",\"@graph\":[{\"@type\":\"WebSite\",\"@id\":\"https:\/\/galeriamiejska.pl\/en\/#website\",\"url\":\"https:\/\/galeriamiejska.pl\/en\/\",\"name\":\"Galeria Miejska we Wroc\\u0142awiu\",\"description\":\"\",\"potentialAction\":[{\"@type\":\"SearchAction\",\"target\":{\"@type\":\"EntryPoint\",\"urlTemplate\":\"https:\/\/galeriamiejska.pl\/en\/?s={search_term_string}\"},\"query-input\":\"required name=search_term_string\"}],\"inLanguage\":\"\"},{\"@type\":\"ImageObject\",\"@id\":\"https:\/\/galeriamiejska.pl\/en\/milosz-flis-pochodnie\/#primaryimage\",\"inLanguage\":\"\",\"url\":\"https:\/\/galeriamiejska.pl\/wp-content\/uploads\/2021\/01\/243_noname.jpg\",\"contentUrl\":\"https:\/\/galeriamiejska.pl\/wp-content\/uploads\/2021\/01\/243_noname.jpg\",\"width\":640,\"height\":340},{\"@type\":\"WebPage\",\"@id\":\"https:\/\/galeriamiejska.pl\/en\/milosz-flis-pochodnie\/#webpage\",\"url\":\"https:\/\/galeriamiejska.pl\/en\/milosz-flis-pochodnie\/\",\"name\":\"Mi\\u0142osz Flis \\\"Pochodnie\\\" - Galeria Miejska we Wroc\\u0142awiu\",\"isPartOf\":{\"@id\":\"https:\/\/galeriamiejska.pl\/en\/#website\"},\"primaryImageOfPage\":{\"@id\":\"https:\/\/galeriamiejska.pl\/en\/milosz-flis-pochodnie\/#primaryimage\"},\"datePublished\":\"2021-01-29T11:20:11+00:00\",\"dateModified\":\"2021-12-07T10:05:40+00:00\",\"author\":{\"@id\":\"https:\/\/galeriamiejska.pl\/en\/#\/schema\/person\/cd4f04b0a13c9114f95e23b489b6f9cb\"},\"breadcrumb\":{\"@id\":\"https:\/\/galeriamiejska.pl\/en\/milosz-flis-pochodnie\/#breadcrumb\"},\"inLanguage\":\"\",\"potentialAction\":[{\"@type\":\"ReadAction\",\"target\":[\"https:\/\/galeriamiejska.pl\/en\/milosz-flis-pochodnie\/\"]}]},{\"@type\":\"BreadcrumbList\",\"@id\":\"https:\/\/galeriamiejska.pl\/en\/milosz-flis-pochodnie\/#breadcrumb\",\"itemListElement\":[{\"@type\":\"ListItem\",\"position\":1,\"name\":\"Strona g\\u0142\\u00f3wna\",\"item\":\"https:\/\/galeriamiejska.pl\/en\/\"},{\"@type\":\"ListItem\",\"position\":2,\"name\":\"Mi\\u0142osz Flis\"}]},{\"@type\":\"Person\",\"@id\":\"https:\/\/galeriamiejska.pl\/en\/#\/schema\/person\/cd4f04b0a13c9114f95e23b489b6f9cb\",\"name\":\"admin\",\"image\":{\"@type\":\"ImageObject\",\"@id\":\"https:\/\/galeriamiejska.pl\/en\/#personlogo\",\"inLanguage\":\"\",\"url\":\"https:\/\/secure.gravatar.com\/avatar\/3ded5a36984f92b80e2d99cc96780fe89cd37f7fd652108d182620efbb1566fd?s=96&d=mm&r=g\",\"contentUrl\":\"https:\/\/secure.gravatar.com\/avatar\/3ded5a36984f92b80e2d99cc96780fe89cd37f7fd652108d182620efbb1566fd?s=96&d=mm&r=g\",\"caption\":\"admin\"},\"sameAs\":[\"http:\/\/galeriamiejska.pl\"],\"url\":\"https:\/\/galeriamiejska.pl\/en\/author\/admin\/\"}]}<\/script>\n<!-- \/ Yoast SEO plugin. -->","yoast_head_json":{"title":"Mi\u0142osz Flis \"Pochodnie\" - Galeria Miejska we Wroc\u0142awiu","robots":{"index":"index","follow":"follow","max-snippet":"max-snippet:-1","max-image-preview":"max-image-preview:large","max-video-preview":"max-video-preview:-1"},"canonical":"https:\/\/galeriamiejska.pl\/en\/milosz-flis-pochodnie\/","og_locale":"en_US","og_type":"article","og_title":"Mi\u0142osz Flis \"Pochodnie\" - Galeria Miejska we Wroc\u0142awiu","og_description":"Wystawa indywidualna Mi\u0142osza Flisa czeskiej Galerii Vernon.","og_url":"https:\/\/galeriamiejska.pl\/en\/milosz-flis-pochodnie\/","og_site_name":"Galeria Miejska we Wroc\u0142awiu","article_published_time":"2021-01-29T11:20:11+00:00","article_modified_time":"2021-12-07T10:05:40+00:00","og_image":[{"width":640,"height":340,"url":"https:\/\/galeriamiejska.pl\/wp-content\/uploads\/2021\/01\/243_noname.jpg","path":"\/autoinstalator\/wordpress\/wp-content\/uploads\/2021\/01\/243_noname.jpg","size":"full","id":1670,"alt":"","pixels":217600,"type":"image\/jpeg"}],"twitter_card":"summary_large_image","twitter_misc":{"Written by":"admin","Est. reading time":"1 minute"},"schema":{"@context":"https:\/\/schema.org","@graph":[{"@type":"WebSite","@id":"https:\/\/galeriamiejska.pl\/en\/#website","url":"https:\/\/galeriamiejska.pl\/en\/","name":"Galeria Miejska we Wroc\u0142awiu","description":"","potentialAction":[{"@type":"SearchAction","target":{"@type":"EntryPoint","urlTemplate":"https:\/\/galeriamiejska.pl\/en\/?s={search_term_string}"},"query-input":"required name=search_term_string"}],"inLanguage":""},{"@type":"ImageObject","@id":"https:\/\/galeriamiejska.pl\/en\/milosz-flis-pochodnie\/#primaryimage","inLanguage":"","url":"https:\/\/galeriamiejska.pl\/wp-content\/uploads\/2021\/01\/243_noname.jpg","contentUrl":"https:\/\/galeriamiejska.pl\/wp-content\/uploads\/2021\/01\/243_noname.jpg","width":640,"height":340},{"@type":"WebPage","@id":"https:\/\/galeriamiejska.pl\/en\/milosz-flis-pochodnie\/#webpage","url":"https:\/\/galeriamiejska.pl\/en\/milosz-flis-pochodnie\/","name":"Mi\u0142osz Flis \"Pochodnie\" - Galeria Miejska we Wroc\u0142awiu","isPartOf":{"@id":"https:\/\/galeriamiejska.pl\/en\/#website"},"primaryImageOfPage":{"@id":"https:\/\/galeriamiejska.pl\/en\/milosz-flis-pochodnie\/#primaryimage"},"datePublished":"2021-01-29T11:20:11+00:00","dateModified":"2021-12-07T10:05:40+00:00","author":{"@id":"https:\/\/galeriamiejska.pl\/en\/#\/schema\/person\/cd4f04b0a13c9114f95e23b489b6f9cb"},"breadcrumb":{"@id":"https:\/\/galeriamiejska.pl\/en\/milosz-flis-pochodnie\/#breadcrumb"},"inLanguage":"","potentialAction":[{"@type":"ReadAction","target":["https:\/\/galeriamiejska.pl\/en\/milosz-flis-pochodnie\/"]}]},{"@type":"BreadcrumbList","@id":"https:\/\/galeriamiejska.pl\/en\/milosz-flis-pochodnie\/#breadcrumb","itemListElement":[{"@type":"ListItem","position":1,"name":"Strona g\u0142\u00f3wna","item":"https:\/\/galeriamiejska.pl\/en\/"},{"@type":"ListItem","position":2,"name":"Mi\u0142osz Flis"}]},{"@type":"Person","@id":"https:\/\/galeriamiejska.pl\/en\/#\/schema\/person\/cd4f04b0a13c9114f95e23b489b6f9cb","name":"admin","image":{"@type":"ImageObject","@id":"https:\/\/galeriamiejska.pl\/en\/#personlogo","inLanguage":"","url":"https:\/\/secure.gravatar.com\/avatar\/3ded5a36984f92b80e2d99cc96780fe89cd37f7fd652108d182620efbb1566fd?s=96&d=mm&r=g","contentUrl":"https:\/\/secure.gravatar.com\/avatar\/3ded5a36984f92b80e2d99cc96780fe89cd37f7fd652108d182620efbb1566fd?s=96&d=mm&r=g","caption":"admin"},"sameAs":["http:\/\/galeriamiejska.pl"],"url":"https:\/\/galeriamiejska.pl\/en\/author\/admin\/"}]}},"_links":{"self":[{"href":"https:\/\/galeriamiejska.pl\/en\/wp-json\/wp\/v2\/posts\/1669","targetHints":{"allow":["GET"]}}],"collection":[{"href":"https:\/\/galeriamiejska.pl\/en\/wp-json\/wp\/v2\/posts"}],"about":[{"href":"https:\/\/galeriamiejska.pl\/en\/wp-json\/wp\/v2\/types\/post"}],"author":[{"embeddable":true,"href":"https:\/\/galeriamiejska.pl\/en\/wp-json\/wp\/v2\/users\/1"}],"replies":[{"embeddable":true,"href":"https:\/\/galeriamiejska.pl\/en\/wp-json\/wp\/v2\/comments?post=1669"}],"version-history":[{"count":3,"href":"https:\/\/galeriamiejska.pl\/en\/wp-json\/wp\/v2\/posts\/1669\/revisions"}],"predecessor-version":[{"id":4685,"href":"https:\/\/galeriamiejska.pl\/en\/wp-json\/wp\/v2\/posts\/1669\/revisions\/4685"}],"wp:featuredmedia":[{"embeddable":true,"href":"https:\/\/galeriamiejska.pl\/en\/wp-json\/wp\/v2\/media\/1670"}],"wp:attachment":[{"href":"https:\/\/galeriamiejska.pl\/en\/wp-json\/wp\/v2\/media?parent=1669"}],"wp:term":[{"taxonomy":"category","embeddable":true,"href":"https:\/\/galeriamiejska.pl\/en\/wp-json\/wp\/v2\/categories?post=1669"},{"taxonomy":"post_tag","embeddable":true,"href":"https:\/\/galeriamiejska.pl\/en\/wp-json\/wp\/v2\/tags?post=1669"}],"curies":[{"name":"wp","href":"https:\/\/api.w.org\/{rel}","templated":true}]}}