{"id":1665,"date":"2021-01-29T11:18:36","date_gmt":"2021-01-29T11:18:36","guid":{"rendered":"http:\/\/galeriamiejska.pl\/?p=1665"},"modified":"2021-01-29T11:18:49","modified_gmt":"2021-01-29T11:18:49","slug":"","status":"publish","type":"post","link":"https:\/\/galeriamiejska.pl\/en\/wystawa-podyplomowa-marceliny-gron\/","title":{"rendered":"The Diploma Exhibition of Marcelina Gro\u0144","raw":"The Diploma Exhibition of Marcelina Gro\u0144"},"content":{"rendered":"","protected":false,"raw":""},"excerpt":{"rendered":"<p>SKY TOWER APARTMENTS<br \/>\nul. Silesian Insurgents 95 (II. floor)<br \/>\n53-332 Wroclaw<\/p>\n","protected":false,"raw":"SKY TOWER APARTMENTS\nul. Silesian Insurgents 95 (II. floor)\n53-332 Wroclaw\n"},"author":1,"featured_media":1666,"comment_status":"open","ping_status":"open","sticky":false,"template":"","format":"standard","meta":{"_pl_post_content":"<!-- wp:paragraph -->\n<p>\"Znajdowanie zwi\u0105zk\u00f3w mi\u0119dzy symbolicznymi odwo\u0142aniami zaszyfrowanymi w&nbsp;dzie\u0142ach artystycznych otwiera oczy na bogaty \u015bwiat ukrytych znacze\u0144 i&nbsp;aluzji. Umo\u017cliwia widzowi wyj\u015bcie poza granice materii tw\u00f3rczej, zajrzenie pod to, co znajduje si\u0119 na powierzchni i&nbsp;zag\u0142\u0119bienie si\u0119 w&nbsp;otch\u0142a\u0144 ludzkiej psychiki i&nbsp;kulturowych kod\u00f3w.<br>Wpasowuj\u0105c w&nbsp;p\u0142\u00f3tna znaki, odkry\u0142am, i\u017c tworz\u0105 one swoje w\u0142asne znaczenia i&nbsp;wzory, kt\u00f3re zacz\u0119\u0142y \u017cy\u0107 w\u0142asnym \u017cyciem \u2013 uk\u0142ada\u0107 si\u0119 w&nbsp;powtarzaj\u0105ce sekwencje, wchodzi\u0107 w&nbsp;niezamierzone relacje. Jest to ci\u0105g\u0142e poszukiwanie mojego wewn\u0119trznego j\u0119zyka, w\u0142a\u015bciwego mi sposobu obrazowania.\"<br>Marcelina Gro\u0144<br><br><\/p>\n<!-- \/wp:paragraph -->","_pl_post_name":"wystawa-podyplomowa-marceliny-gron","_pl_post_excerpt":"SKY TOWER APARTAMENTY","_pl_post_title":"Wystawa podyplomowa Marceliny Gro\u0144","_en_post_content":"","_en_post_name":"","_en_post_excerpt":"SKY TOWER APARTMENTS\nul. Silesian Insurgents 95 (II. floor)\n53-332 Wroclaw\n","_en_post_title":"The Diploma Exhibition of Marcelina Gro\u0144","edit_language":"en","footnotes":""},"categories":[10,8],"tags":[],"class_list":["post-1665","post","type-post","status-publish","format-standard","has-post-thumbnail","hentry","category-archiwalne-wydarzenia","category-wydarzenia"],"yoast_head":"<!-- This site is optimized with the Yoast SEO plugin v16.8 - https:\/\/yoast.com\/wordpress\/plugins\/seo\/ -->\n<title>Wystawa podyplomowa Marceliny Gro\u0144 - Galeria Miejska we Wroc\u0142awiu<\/title>\n<meta name=\"robots\" content=\"index, follow, max-snippet:-1, max-image-preview:large, max-video-preview:-1\" \/>\n<link rel=\"canonical\" href=\"https:\/\/galeriamiejska.pl\/en\/wystawa-podyplomowa-marceliny-gron\/\" \/>\n<meta property=\"og:locale\" content=\"en_US\" \/>\n<meta property=\"og:type\" content=\"article\" \/>\n<meta property=\"og:title\" content=\"Wystawa podyplomowa Marceliny Gro\u0144 - Galeria Miejska we Wroc\u0142awiu\" \/>\n<meta property=\"og:description\" content=\"SKY TOWER APARTAMENTY\" \/>\n<meta property=\"og:url\" content=\"https:\/\/galeriamiejska.pl\/en\/wystawa-podyplomowa-marceliny-gron\/\" \/>\n<meta property=\"og:site_name\" content=\"Galeria Miejska we Wroc\u0142awiu\" \/>\n<meta property=\"article:published_time\" content=\"2021-01-29T11:18:36+00:00\" \/>\n<meta property=\"article:modified_time\" content=\"2021-01-29T11:18:49+00:00\" \/>\n<meta property=\"og:image\" content=\"https:\/\/galeriamiejska.pl\/wp-content\/uploads\/2021\/01\/239_noname.jpg\" \/>\n\t<meta property=\"og:image:width\" content=\"640\" \/>\n\t<meta property=\"og:image:height\" content=\"340\" \/>\n<meta name=\"twitter:card\" content=\"summary_large_image\" \/>\n<meta name=\"twitter:label1\" content=\"Written by\" \/>\n\t<meta name=\"twitter:data1\" content=\"admin\" \/>\n\t<meta name=\"twitter:label2\" content=\"Est. reading time\" \/>\n\t<meta name=\"twitter:data2\" content=\"1 minute\" \/>\n<script type=\"application\/ld+json\" class=\"yoast-schema-graph\">{\"@context\":\"https:\/\/schema.org\",\"@graph\":[{\"@type\":\"WebSite\",\"@id\":\"https:\/\/galeriamiejska.pl\/en\/#website\",\"url\":\"https:\/\/galeriamiejska.pl\/en\/\",\"name\":\"Galeria Miejska we Wroc\\u0142awiu\",\"description\":\"\",\"potentialAction\":[{\"@type\":\"SearchAction\",\"target\":{\"@type\":\"EntryPoint\",\"urlTemplate\":\"https:\/\/galeriamiejska.pl\/en\/?s={search_term_string}\"},\"query-input\":\"required name=search_term_string\"}],\"inLanguage\":\"\"},{\"@type\":\"ImageObject\",\"@id\":\"https:\/\/galeriamiejska.pl\/en\/wystawa-podyplomowa-marceliny-gron\/#primaryimage\",\"inLanguage\":\"\",\"url\":\"https:\/\/galeriamiejska.pl\/wp-content\/uploads\/2021\/01\/239_noname.jpg\",\"contentUrl\":\"https:\/\/galeriamiejska.pl\/wp-content\/uploads\/2021\/01\/239_noname.jpg\",\"width\":640,\"height\":340},{\"@type\":\"WebPage\",\"@id\":\"https:\/\/galeriamiejska.pl\/en\/wystawa-podyplomowa-marceliny-gron\/#webpage\",\"url\":\"https:\/\/galeriamiejska.pl\/en\/wystawa-podyplomowa-marceliny-gron\/\",\"name\":\"Wystawa podyplomowa Marceliny Gro\\u0144 - Galeria Miejska we Wroc\\u0142awiu\",\"isPartOf\":{\"@id\":\"https:\/\/galeriamiejska.pl\/en\/#website\"},\"primaryImageOfPage\":{\"@id\":\"https:\/\/galeriamiejska.pl\/en\/wystawa-podyplomowa-marceliny-gron\/#primaryimage\"},\"datePublished\":\"2021-01-29T11:18:36+00:00\",\"dateModified\":\"2021-01-29T11:18:49+00:00\",\"author\":{\"@id\":\"https:\/\/galeriamiejska.pl\/en\/#\/schema\/person\/cd4f04b0a13c9114f95e23b489b6f9cb\"},\"breadcrumb\":{\"@id\":\"https:\/\/galeriamiejska.pl\/en\/wystawa-podyplomowa-marceliny-gron\/#breadcrumb\"},\"inLanguage\":\"\",\"potentialAction\":[{\"@type\":\"ReadAction\",\"target\":[\"https:\/\/galeriamiejska.pl\/en\/wystawa-podyplomowa-marceliny-gron\/\"]}]},{\"@type\":\"BreadcrumbList\",\"@id\":\"https:\/\/galeriamiejska.pl\/en\/wystawa-podyplomowa-marceliny-gron\/#breadcrumb\",\"itemListElement\":[{\"@type\":\"ListItem\",\"position\":1,\"name\":\"Strona g\\u0142\\u00f3wna\",\"item\":\"https:\/\/galeriamiejska.pl\/en\/\"},{\"@type\":\"ListItem\",\"position\":2,\"name\":\"The Diploma Exhibition of Marcelina Gro\\u0144\"}]},{\"@type\":\"Person\",\"@id\":\"https:\/\/galeriamiejska.pl\/en\/#\/schema\/person\/cd4f04b0a13c9114f95e23b489b6f9cb\",\"name\":\"admin\",\"image\":{\"@type\":\"ImageObject\",\"@id\":\"https:\/\/galeriamiejska.pl\/en\/#personlogo\",\"inLanguage\":\"\",\"url\":\"https:\/\/secure.gravatar.com\/avatar\/3ded5a36984f92b80e2d99cc96780fe89cd37f7fd652108d182620efbb1566fd?s=96&d=mm&r=g\",\"contentUrl\":\"https:\/\/secure.gravatar.com\/avatar\/3ded5a36984f92b80e2d99cc96780fe89cd37f7fd652108d182620efbb1566fd?s=96&d=mm&r=g\",\"caption\":\"admin\"},\"sameAs\":[\"http:\/\/galeriamiejska.pl\"],\"url\":\"https:\/\/galeriamiejska.pl\/en\/author\/admin\/\"}]}<\/script>\n<!-- \/ Yoast SEO plugin. -->","yoast_head_json":{"title":"Wystawa podyplomowa Marceliny Gro\u0144 - Galeria Miejska we Wroc\u0142awiu","robots":{"index":"index","follow":"follow","max-snippet":"max-snippet:-1","max-image-preview":"max-image-preview:large","max-video-preview":"max-video-preview:-1"},"canonical":"https:\/\/galeriamiejska.pl\/en\/wystawa-podyplomowa-marceliny-gron\/","og_locale":"en_US","og_type":"article","og_title":"Wystawa podyplomowa Marceliny Gro\u0144 - Galeria Miejska we Wroc\u0142awiu","og_description":"SKY TOWER APARTAMENTY","og_url":"https:\/\/galeriamiejska.pl\/en\/wystawa-podyplomowa-marceliny-gron\/","og_site_name":"Galeria Miejska we Wroc\u0142awiu","article_published_time":"2021-01-29T11:18:36+00:00","article_modified_time":"2021-01-29T11:18:49+00:00","og_image":[{"width":640,"height":340,"url":"https:\/\/galeriamiejska.pl\/wp-content\/uploads\/2021\/01\/239_noname.jpg","path":"\/autoinstalator\/wordpress\/wp-content\/uploads\/2021\/01\/239_noname.jpg","size":"full","id":1666,"alt":"","pixels":217600,"type":"image\/jpeg"}],"twitter_card":"summary_large_image","twitter_misc":{"Written by":"admin","Est. reading time":"1 minute"},"schema":{"@context":"https:\/\/schema.org","@graph":[{"@type":"WebSite","@id":"https:\/\/galeriamiejska.pl\/en\/#website","url":"https:\/\/galeriamiejska.pl\/en\/","name":"Galeria Miejska we Wroc\u0142awiu","description":"","potentialAction":[{"@type":"SearchAction","target":{"@type":"EntryPoint","urlTemplate":"https:\/\/galeriamiejska.pl\/en\/?s={search_term_string}"},"query-input":"required name=search_term_string"}],"inLanguage":""},{"@type":"ImageObject","@id":"https:\/\/galeriamiejska.pl\/en\/wystawa-podyplomowa-marceliny-gron\/#primaryimage","inLanguage":"","url":"https:\/\/galeriamiejska.pl\/wp-content\/uploads\/2021\/01\/239_noname.jpg","contentUrl":"https:\/\/galeriamiejska.pl\/wp-content\/uploads\/2021\/01\/239_noname.jpg","width":640,"height":340},{"@type":"WebPage","@id":"https:\/\/galeriamiejska.pl\/en\/wystawa-podyplomowa-marceliny-gron\/#webpage","url":"https:\/\/galeriamiejska.pl\/en\/wystawa-podyplomowa-marceliny-gron\/","name":"Wystawa podyplomowa Marceliny Gro\u0144 - Galeria Miejska we Wroc\u0142awiu","isPartOf":{"@id":"https:\/\/galeriamiejska.pl\/en\/#website"},"primaryImageOfPage":{"@id":"https:\/\/galeriamiejska.pl\/en\/wystawa-podyplomowa-marceliny-gron\/#primaryimage"},"datePublished":"2021-01-29T11:18:36+00:00","dateModified":"2021-01-29T11:18:49+00:00","author":{"@id":"https:\/\/galeriamiejska.pl\/en\/#\/schema\/person\/cd4f04b0a13c9114f95e23b489b6f9cb"},"breadcrumb":{"@id":"https:\/\/galeriamiejska.pl\/en\/wystawa-podyplomowa-marceliny-gron\/#breadcrumb"},"inLanguage":"","potentialAction":[{"@type":"ReadAction","target":["https:\/\/galeriamiejska.pl\/en\/wystawa-podyplomowa-marceliny-gron\/"]}]},{"@type":"BreadcrumbList","@id":"https:\/\/galeriamiejska.pl\/en\/wystawa-podyplomowa-marceliny-gron\/#breadcrumb","itemListElement":[{"@type":"ListItem","position":1,"name":"Strona g\u0142\u00f3wna","item":"https:\/\/galeriamiejska.pl\/en\/"},{"@type":"ListItem","position":2,"name":"The Diploma Exhibition of Marcelina Gro\u0144"}]},{"@type":"Person","@id":"https:\/\/galeriamiejska.pl\/en\/#\/schema\/person\/cd4f04b0a13c9114f95e23b489b6f9cb","name":"admin","image":{"@type":"ImageObject","@id":"https:\/\/galeriamiejska.pl\/en\/#personlogo","inLanguage":"","url":"https:\/\/secure.gravatar.com\/avatar\/3ded5a36984f92b80e2d99cc96780fe89cd37f7fd652108d182620efbb1566fd?s=96&d=mm&r=g","contentUrl":"https:\/\/secure.gravatar.com\/avatar\/3ded5a36984f92b80e2d99cc96780fe89cd37f7fd652108d182620efbb1566fd?s=96&d=mm&r=g","caption":"admin"},"sameAs":["http:\/\/galeriamiejska.pl"],"url":"https:\/\/galeriamiejska.pl\/en\/author\/admin\/"}]}},"_links":{"self":[{"href":"https:\/\/galeriamiejska.pl\/en\/wp-json\/wp\/v2\/posts\/1665","targetHints":{"allow":["GET"]}}],"collection":[{"href":"https:\/\/galeriamiejska.pl\/en\/wp-json\/wp\/v2\/posts"}],"about":[{"href":"https:\/\/galeriamiejska.pl\/en\/wp-json\/wp\/v2\/types\/post"}],"author":[{"embeddable":true,"href":"https:\/\/galeriamiejska.pl\/en\/wp-json\/wp\/v2\/users\/1"}],"replies":[{"embeddable":true,"href":"https:\/\/galeriamiejska.pl\/en\/wp-json\/wp\/v2\/comments?post=1665"}],"version-history":[{"count":1,"href":"https:\/\/galeriamiejska.pl\/en\/wp-json\/wp\/v2\/posts\/1665\/revisions"}],"predecessor-version":[{"id":1667,"href":"https:\/\/galeriamiejska.pl\/en\/wp-json\/wp\/v2\/posts\/1665\/revisions\/1667"}],"wp:featuredmedia":[{"embeddable":true,"href":"https:\/\/galeriamiejska.pl\/en\/wp-json\/wp\/v2\/media\/1666"}],"wp:attachment":[{"href":"https:\/\/galeriamiejska.pl\/en\/wp-json\/wp\/v2\/media?parent=1665"}],"wp:term":[{"taxonomy":"category","embeddable":true,"href":"https:\/\/galeriamiejska.pl\/en\/wp-json\/wp\/v2\/categories?post=1665"},{"taxonomy":"post_tag","embeddable":true,"href":"https:\/\/galeriamiejska.pl\/en\/wp-json\/wp\/v2\/tags?post=1665"}],"curies":[{"name":"wp","href":"https:\/\/api.w.org\/{rel}","templated":true}]}}