{"id":1647,"date":"2021-01-29T11:02:51","date_gmt":"2021-01-29T11:02:51","guid":{"rendered":"http:\/\/galeriamiejska.pl\/?p=1647"},"modified":"2021-01-29T11:02:53","modified_gmt":"2021-01-29T11:02:53","slug":"","status":"publish","type":"post","link":"https:\/\/galeriamiejska.pl\/en\/nabor-do-projektu-fundacji-galerii-miejskiej-we-wroclawiu\/","title":{"rendered":"","raw":""},"content":{"rendered":"","protected":false,"raw":""},"excerpt":{"rendered":"","protected":false,"raw":""},"author":1,"featured_media":1648,"comment_status":"open","ping_status":"open","sticky":false,"template":"","format":"standard","meta":{"_pl_post_content":"<!-- wp:image {\"id\":1649,\"sizeSlug\":\"large\",\"linkDestination\":\"none\"} -->\n<figure class=\"wp-block-image size-large\"><img src=\"http:\/\/galeriamiejska.pl\/wp-content\/uploads\/2021\/01\/231_1_noname.jpg\" alt=\"\" class=\"wp-image-1649\"\/><\/figure>\n<!-- \/wp:image -->\n\n<!-- wp:paragraph -->\n<p><strong>Og\u0142oszenie o\u00a0naborze:<br><\/strong><br>Fundacja Galerii Miejskiej we Wroc\u0142awiu og\u0142asza nab\u00f3r uczestnik\u00f3w do programu \u201eM\u0142oda krytyka artystyczna w\u00a0Polsce i\u00a0Czechach: pr\u0105d sta\u0142y \/ pr\u0105d zmienny\u201d. W\u00a0ramach programu odb\u0119d\u0105 si\u0119 dwie tury warsztat\u00f3w specjalistycznych oraz zostanie przygotowana publikacja pt. M\u0142oda krytyka artystyczna w\u00a0Polsce i\u00a0Czechach: pr\u0105d sta\u0142y \/ pr\u0105d zmienny.<br><br>Do programu mog\u0105 zg\u0142asza\u0107 si\u0119 osoby doros\u0142e w\u00a0wieku od 19 do 29 lat, absolwenci i\u00a0studenci historii sztuki lub innych kierunk\u00f3w zwi\u0105zanych z\u00a0krytyk\u0105 artystyczn\u0105, edukacj\u0105 artystyczn\u0105 lub praktyk\u0105 artystyczn\u0105, kt\u00f3rzy s\u0105 zainteresowani rozwijaniem umiej\u0119tno\u015bci i\u00a0warsztatu krytyka sztuki.<br><br>W ramach projektu, uczestnicy wezm\u0119 udzia\u0142 w\u00a02 turach warsztat\u00f3w (Wroc\u0142aw - Polska, Praga \u2013 Czechy) w\u00a0miesi\u0105cach czerwiec i\u00a0lipiec (ostateczny termin wyjazdu zostanie sprecyzowany po zako\u0144czeniu rekrutacji). Warsztaty we Wroc\u0142awiu potrwaj\u0105 2 dni, Warsztaty w\u00a0Pradze potrwaj\u0105 5 dni.<br><br>Po zako\u0144czeniu warsztat\u00f3w, uczestnicy s\u0105 zobowi\u0105zani do przygotowania tekst\u00f3w krytycznych b\u0119d\u0105cych efektem ich do\u015bwiadcze\u0144 zdobytych podczas warsztat\u00f3w. Teksty zostan\u0105 zamieszczone w\u00a0publikacji M\u0142oda krytyka artystyczne w\u00a0Polsce i\u00a0Czechach: pr\u0105d sta\u0142y \/ pr\u0105d zmienny.<br><br>Zg\u0142oszenia do programu nale\u017cy przesy\u0142a\u0107 na adres e-mail: krytyka@galeriamiejska.pl<br>W ofercie nale\u017cy z\u0142o\u017cy\u0107:<br><br>1. Kr\u00f3tkie (do 1,5 tysi\u0105ca znak\u00f3w) uzasadnienie dlaczego zg\u0142aszaj\u0105cy chce wzi\u0105\u0107 udzia\u0142 w\u00a0programie.<br>2. CV wraz z\u00a0podaniem informacji podj\u0119tym lub uko\u0144czonym kierunku studi\u00f3w i\u00a0uczelni oraz z\u00a0klauzul\u0105 wyra\u017cenia zgody na przetwarzanie danych osobowych przez Fundacj\u0119 Galerii Miejskiej we Wroc\u0142awiu w\u00a0celach realizacji i\u00a0prowadzenia projektu \u201eM\u0142oda krytyka artystyczna w\u00a0Polsce i\u00a0Czechach: pr\u0105d sta\u0142y \/ pr\u0105d zmienny\u201d.<br>3. Przyk\u0142ady (je\u015bli zg\u0142aszaj\u0105cy takimi dysponuje) publikacji z\u00a0zakresu krytyki artystycznej.<br><br>Zg\u0142oszenia mo\u017cna nadsy\u0142a\u0107 do dnia 20 czerwca. Lista os\u00f3b zakwalifikowanych do programu zostanie umieszczona na stronie www.galeriamiejska.pl, a\u00a0ka\u017cdy zostanie poinformowany dodatkowo drog\u0105 mailow\u0105 do dnia 1 lipca 2014 roku.<br><br><strong>O Projekcie<\/strong><br><br>Fundacja Galerii Miejskiej we Wroc\u0142awiu realizuje projekt \u201eM\u0142oda krytyka artystyczna w\u00a0Polsce i\u00a0Czechach: pr\u0105d sta\u0142y\/pr\u0105d zmienny\u201d maj\u0105cy na celu wzajemn\u0105 promocj\u0119 polskiego i\u00a0czeskiego dziedzictwa kulturowego oraz wsp\u00f3lnej historii.<br><br>W ramach projektu planowane s\u0105 warsztaty tw\u00f3rcze we Wroc\u0142awiu i\u00a0Pradze dla m\u0142odych krytyk\u00f3w z\u00a0Polski i\u00a0Czech oraz wydanie publikacji zawieraj\u0105cej teksty krytyczne i\u00a0eseje na temat tw\u00f3rczo\u015bci prezentowanych artyst\u00f3w.<br><br>Celem projektu jest zacie\u015bnienie wi\u0119zi w\u00a0ramach polsko-czeskich relacji poprzez zapoznanie m\u0142odych krytyk\u00f3w sztuki z\u00a0dzia\u0142alno\u015bci\u0105 artystyczn\u0105 tw\u00f3rc\u00f3w sztuk wizualnych w\u00a0Polsce i\u00a0w Czechach, funkcjonuj\u0105cych w\u00a0obiegu kultury niezale\u017cnej wobec systemu komunistycznego w\u00a0latach 1945-89.<br><br><br><strong>Regulamin udzia\u0142u w\u00a0warsztatach m\u0142odej krytyki:<\/strong><br><br>REGULAMIN NABORU I\u00a0UCZESTNICTWA W\u00a0PROGRAMIE \u201eM\u0141ODA KRYTYKA ARTYSTYCZNA W\u00a0POLSCE I\u00a0CZECHACH: PR\u0104D STA\u0141Y \/ PR\u0104D ZMIENNY\u201d<br><br>I<br><br><strong>Postanowienia og\u00f3lne<\/strong><br><br>\u00a7 1<br><br>Nab\u00f3r do programu oraz projekt jest realizowany pod has\u0142em: \u201eM\u0142oda krytyka artystyczna w\u00a0Polsce i\u00a0Czechach: pr\u0105d sta\u0142y \/ pr\u0105d zmienny\u201d.<br><br>Celem projektu jest zacie\u015bnienie wi\u0119zi w\u00a0ramach polsko-czeskich relacji poprzez zapoznanie m\u0142odych krytyk\u00f3w sztuki z\u00a0dzia\u0142alno\u015bci\u0105 artystyczn\u0105 tw\u00f3rc\u00f3w sztuk wizualnych w\u00a0Polsce i\u00a0w Czechach, funkcjonuj\u0105cych w\u00a0obiegu kultury niezale\u017cnej wobec systemu komunistycznego w\u00a0latach 1945-89.<br><br>W ramach projektu planowane s\u0105 warsztaty tw\u00f3rcze we Wroc\u0142awiu i\u00a0Pradze dla m\u0142odych krytyk\u00f3w z\u00a0Polski i\u00a0Czech oraz wydanie publikacji zawieraj\u0105cej teksty krytyczne i\u00a0eseje na temat tw\u00f3rczo\u015bci prezentowanych artyst\u00f3w.<br><br>II<br><strong>Organizator i\u00a0uczestnicy projektu<\/strong><br><br>Organizatorem projektu jest Fundacja Galerii Miejskiej we Wroc\u0142awiu, ul. Kie\u0142ba\u015bnicza 28, kod pocztowy: 50-109 Wroc\u0142aw. Projekt uzyska\u0142 dofinansowanie ze \u015brodk\u00f3w Ministerstwa Spraw Zagranicznych w\u00a0ramach konkursu \u201eForum Polsko-Czeskie: wspieranie rozwoju stosunk\u00f3w polsko-czeskich 2014\u201d. Partnerem Fundacji ze strony czeskiej jest stowarzyszenie My.Aktivity o.p.s.<br><br>\u00a7 2<br><br><strong>Organizator i\u00a0termin<\/strong><br><br>Organizatorem projektu jest: Fundacja Galerii Miejskiej we Wroc\u0142awiu, ul. Kie\u0142ba\u015bnicza 28, kod pocztowy: 50-109 Wroc\u0142aw.<br><br>Rozpocz\u0119cie projektu: 15 kwietnia 2014 r.<br>Zako\u0144czenie konkursu: 31 grudnia 2014 r.<br><br>\u00a7 3<br><strong>Uczestnicy programu<\/strong><br><br>Uczestnikiem programu mo\u017ce by\u0107 obywatel Polski zamieszkuj\u0105cy na terenie Polski, i\u00a0obywatel Czech zamieszkuj\u0105cy na ternie Czech w\u00a0wieku od 19 do 29 lat, kt\u00f3ry wyrazi zgod\u0119 na przetwarzanie danych osobowych w\u00a0celu przeprowadzenia rekrutacji do programu oraz udzia\u0142u w\u00a0projekcie, prze\u015ble swoje zg\u0142oszenie do programu wedle wymaga\u0144 Organizatora.<br><br>\u00a7 4<br><strong>Warunki uczestnictwa<\/strong><br><br>Uczestnikiem programu mog\u0105 by\u0107 osoby, kt\u00f3re spe\u0142niaj\u0105 wymogi opisane w\u00a0og\u0142oszeniu rekrutacyjnym: osoby doros\u0142e w\u00a0wieku od 19 do 29 lat, absolwenci i\u00a0studenci historii sztuki lub innych kierunk\u00f3w zwi\u0105zanych z\u00a0krytyk\u0105 artystyczn\u0105, edukacj\u0105 artystyczn\u0105 lub praktyk\u0105 artystyczn\u0105, kt\u00f3rzy s\u0105 zainteresowani rozwijaniem umiej\u0119tno\u015bci i\u00a0warsztatu krytyka sztuki oraz zaakceptuj\u0105 poni\u017csze ustalenia udzia\u0142u w\u00a0programie:<br><br>- zg\u0142oszenie do udzia\u0142u w\u00a0programie \u201eM\u0142oda Krytyka Artystyczna w\u00a0Polsce i\u00a0Czechach: pr\u0105d sta\u0142y \/ pr\u0105d zmienny\u201d zostanie ocenione przez zesp\u00f3\u0142 rekrutacyjny w\u00a0sk\u0142adzie:<br>Miros\u0142aw Jasi\u0144ski, Andrzej Saj \u2013 strona polska<br>Roman Rozbroj, Monika Burian-Jourdan \u2013 strona czeska;<br><br>- ze strony polskiej zostanie wybranych 5 uczestnik\u00f3w, ze strony czeskiej zostanie wybranych 5 uczestnik\u00f3w \u2013 \u0142\u0105cznie 10 os\u00f3b;<br><br>- uczestnicy po wyborze dokonanym przez zesp\u00f3\u0142 rekrutacyjny zostan\u0105 poinformowani drog\u0105 mailow\u0105 i\u00a0telefoniczn\u0105, \u017ce zakwalifikowali si\u0119 do udzia\u0142u w\u00a0programie. Informacja zostanie te\u017c zamieszczona na stronie www.galeriamiejska.pl oraz na stronie internetowej partnera czeskiego: www.myaktivity.cz;<br><br>- osoby, kt\u00f3re zakwalifikuj\u0105 si\u0119 do programu zobowi\u0105zuj\u0105 si\u0119 tym samym do wzi\u0119cia udzia\u0142u w\u00a0warsztatach tw\u00f3rczych, kt\u00f3re odb\u0119d\u0105 si\u0119 w\u00a0czerwcu i\u00a0lipcu 2014 r. we Wroc\u0142awiu i\u00a0w Pradze w\u00a0wyznaczonych przez Organizatora terminach;<br><br>- uczestnicy warsztat\u00f3w otrzymaj\u0105 zwrot koszt\u00f3w podr\u00f3\u017cy w\u00a0wysoko\u015bci (r\u00f3wnowarto\u015bci) 50 PLNx2 (Polacy przyjazd na warsztaty do Wroc\u0142awia je\u015bli uczestnik jest spoza Wroc\u0142awia, Czesi przyjazd na warsztaty do Pragi je\u015bli uczestnik jest spoza Pragi). W\u00a0przypadku warsztat\u00f3w organizowanych w\u00a0Pradze dla grupy polskiej i\u00a0we Wroc\u0142awiu dla grupy czeskiej kwota na przejazdy wyniesie 150 PLNx2<br><br>- uczestnicy warsztat\u00f3w otrzymaj\u0105 r\u00f3wnie\u017c na czas trwania warsztat\u00f3w - sesje: 2 i\u00a05 dniowe (\u0142\u0105cznie 7 dni) po 30 PLN dziennie na wy\u017cywienie oraz po 65 PLN na nocleg.<br><br>- uczestnicy, po zako\u0144czeniu cz\u0119\u015bci warsztatowej, zobowi\u0105zuj\u0105 si\u0119 do przygotowania we wsp\u00f3\u0142pracy z\u00a0opiekunami merytorycznymi - tekst\u00f3w krytycznych, kt\u00f3rych tematyka b\u0119dzie zwi\u0105zana z\u00a0pracami artyst\u00f3w z\u00a0Polski i\u00a0Czech, z\u00a0kt\u00f3rych tw\u00f3rczo\u015bci\u0105 zapoznaj\u0105 si\u0119 podczas warsztat\u00f3w. Teksty wraz wraz z\u00a0o\u015bwiadczeniem o\u00a0autorstwie i\u00a0przekazaniu autorskich praw maj\u0105tkowych do tych tekst\u00f3w na rzecz Fundacji Galerii Miejskiej we Wroc\u0142awiu. Przekazanie autorskich praw maj\u0105tkowych jest r\u00f3wnoznaczne z\u00a0prawem do dysponowania pracami uczestnik\u00f3w przez Fundacj\u0119 Galerii Miejskiej we Wroc\u0142awiu z\u00a0uwzgl\u0119dnieniem ich prawa do informowania o\u00a0autorstwie tekstu.<br><br>III<br><br><strong>Zasady organizacyjne konkursu<br><\/strong><br>\u00a7 5<br><strong><br>Rozstrzygni\u0119cie naboru i\u00a0terminy<\/strong><br><br>Termin zg\u0142aszania kandydatur do programu \u201eM\u0142oda krytyka artystyczna w\u00a0Polsce i\u00a0Czechach: pr\u0105d sta\u0142y \/ pr\u0105d zmienny\u201d:<br><br>a) Zako\u0144czenie rekrutacji: 20 czerwca 2014 (godz. 23:59).<br><br>\u00a7 6<br><br><strong>Ustalenia og\u00f3lne<\/strong><br><br>Regulamin jest do wgl\u0105du oraz na stronach internetowych www.galeriamiejska.pl oraz www.myaktivity.cz.<br><br>IV<br><br>\u00a7 7<br><br><strong>Postanowienia ko\u0144cowe<\/strong><br><br>1. Organizator nie ponosi odpowiedzialno\u015bci za nieprawid\u0142owo i\u00a0nieczytelnie podane dane, kt\u00f3re uniemo\u017cliwiaj\u0105 odszukanie zg\u0142aszaj\u0105cego si\u0119 do konkursu.<br>2. Organizator zastrzega, \u017ce decyzje dotycz\u0105ce wyboru osobowego uczestnik\u00f3w programu, kt\u00f3rego dokonaj\u0105 zespo\u0142y rekrutacyjne z\u00a0Polski i\u00a0Czech nie podlegaj\u0105 odwo\u0142aniu ani zaskar\u017ceniu.<br>3. W\u00a0przypadku, gdy uczestnik Konkursu podj\u0105\u0142 dzia\u0142ania, kt\u00f3re nie s\u0105 zakazane przez ten regulamin, ale zostan\u0105 przez Organizatora uznane za niepo\u017c\u0105dane, b\u0105d\u017a szkodliwe, Organizator mo\u017ce wykluczy\u0107 uczestnika z\u00a0programu.<br>4. Organizator zastrzega sobie prawo zmiany warunk\u00f3w naboru do programu a\u00a0tak\u017ce mo\u017cliwo\u015b\u0107 zmiany jego przebiegu.<br><strong><br>Projekt wsp\u00f3\u0142finansowany przez Departament Dyplomacji Publicznej i\u00a0Kulturalnej Ministerstwa Spraw Zagranicznych w\u00a0ramach konkursu Forum Polsko-Czeskie: wspieranie rozwoju stosunk\u00f3w polsko-czeskich.<\/strong><\/p>\n<!-- \/wp:paragraph -->","_pl_post_name":"nabor-do-projektu-fundacji-galerii-miejskiej-we-wroclawiu","_pl_post_excerpt":"Og\u0142oszenie o naborze do programu \u201eM\u0142oda krytyka artystyczna w Polsce i Czechach: pr\u0105d sta\u0142y \/ pr\u0105d zmienny\u201d","_pl_post_title":"Nab\u00f3r do projektu Fundacji Galerii Miejskiej we Wroc\u0142awiu","_en_post_content":"","_en_post_name":"","_en_post_excerpt":"","_en_post_title":"","edit_language":"en","footnotes":""},"categories":[10,8],"tags":[],"class_list":["post-1647","post","type-post","status-publish","format-standard","has-post-thumbnail","hentry","category-archiwalne-wydarzenia","category-wydarzenia"],"yoast_head":"<!-- This site is optimized with the Yoast SEO plugin v16.8 - https:\/\/yoast.com\/wordpress\/plugins\/seo\/ -->\n<title>Nab\u00f3r do projektu Fundacji Galerii Miejskiej we Wroc\u0142awiu - Galeria Miejska we Wroc\u0142awiu<\/title>\n<meta name=\"robots\" content=\"index, follow, max-snippet:-1, max-image-preview:large, max-video-preview:-1\" \/>\n<link rel=\"canonical\" href=\"https:\/\/galeriamiejska.pl\/en\/nabor-do-projektu-fundacji-galerii-miejskiej-we-wroclawiu\/\" \/>\n<meta property=\"og:locale\" content=\"en_US\" \/>\n<meta property=\"og:type\" content=\"article\" \/>\n<meta property=\"og:title\" content=\"Nab\u00f3r do projektu Fundacji Galerii Miejskiej we Wroc\u0142awiu - Galeria Miejska we Wroc\u0142awiu\" \/>\n<meta property=\"og:description\" content=\"Og\u0142oszenie o naborze do programu \u201eM\u0142oda krytyka artystyczna w Polsce i Czechach: pr\u0105d sta\u0142y \/ pr\u0105d zmienny\u201d\" \/>\n<meta property=\"og:url\" content=\"https:\/\/galeriamiejska.pl\/en\/nabor-do-projektu-fundacji-galerii-miejskiej-we-wroclawiu\/\" \/>\n<meta property=\"og:site_name\" content=\"Galeria Miejska we Wroc\u0142awiu\" \/>\n<meta property=\"article:published_time\" content=\"2021-01-29T11:02:51+00:00\" \/>\n<meta property=\"article:modified_time\" content=\"2021-01-29T11:02:53+00:00\" \/>\n<meta property=\"og:image\" content=\"https:\/\/galeriamiejska.pl\/wp-content\/uploads\/2021\/01\/231_noname.jpg\" \/>\n\t<meta property=\"og:image:width\" content=\"640\" \/>\n\t<meta property=\"og:image:height\" content=\"340\" \/>\n<meta name=\"twitter:card\" content=\"summary_large_image\" \/>\n<meta name=\"twitter:label1\" content=\"Written by\" \/>\n\t<meta name=\"twitter:data1\" content=\"admin\" \/>\n\t<meta name=\"twitter:label2\" content=\"Est. reading time\" \/>\n\t<meta name=\"twitter:data2\" content=\"7 minutes\" \/>\n<script type=\"application\/ld+json\" class=\"yoast-schema-graph\">{\"@context\":\"https:\/\/schema.org\",\"@graph\":[{\"@type\":\"WebSite\",\"@id\":\"https:\/\/galeriamiejska.pl\/en\/#website\",\"url\":\"https:\/\/galeriamiejska.pl\/en\/\",\"name\":\"Galeria Miejska we Wroc\\u0142awiu\",\"description\":\"\",\"potentialAction\":[{\"@type\":\"SearchAction\",\"target\":{\"@type\":\"EntryPoint\",\"urlTemplate\":\"https:\/\/galeriamiejska.pl\/en\/?s={search_term_string}\"},\"query-input\":\"required name=search_term_string\"}],\"inLanguage\":\"\"},{\"@type\":\"ImageObject\",\"@id\":\"https:\/\/galeriamiejska.pl\/en\/nabor-do-projektu-fundacji-galerii-miejskiej-we-wroclawiu\/#primaryimage\",\"inLanguage\":\"\",\"url\":\"https:\/\/galeriamiejska.pl\/wp-content\/uploads\/2021\/01\/231_noname.jpg\",\"contentUrl\":\"https:\/\/galeriamiejska.pl\/wp-content\/uploads\/2021\/01\/231_noname.jpg\",\"width\":640,\"height\":340},{\"@type\":\"WebPage\",\"@id\":\"https:\/\/galeriamiejska.pl\/en\/nabor-do-projektu-fundacji-galerii-miejskiej-we-wroclawiu\/#webpage\",\"url\":\"https:\/\/galeriamiejska.pl\/en\/nabor-do-projektu-fundacji-galerii-miejskiej-we-wroclawiu\/\",\"name\":\"Nab\\u00f3r do projektu Fundacji Galerii Miejskiej we Wroc\\u0142awiu - Galeria Miejska we Wroc\\u0142awiu\",\"isPartOf\":{\"@id\":\"https:\/\/galeriamiejska.pl\/en\/#website\"},\"primaryImageOfPage\":{\"@id\":\"https:\/\/galeriamiejska.pl\/en\/nabor-do-projektu-fundacji-galerii-miejskiej-we-wroclawiu\/#primaryimage\"},\"datePublished\":\"2021-01-29T11:02:51+00:00\",\"dateModified\":\"2021-01-29T11:02:53+00:00\",\"author\":{\"@id\":\"https:\/\/galeriamiejska.pl\/en\/#\/schema\/person\/cd4f04b0a13c9114f95e23b489b6f9cb\"},\"breadcrumb\":{\"@id\":\"https:\/\/galeriamiejska.pl\/en\/nabor-do-projektu-fundacji-galerii-miejskiej-we-wroclawiu\/#breadcrumb\"},\"inLanguage\":\"\",\"potentialAction\":[{\"@type\":\"ReadAction\",\"target\":[\"https:\/\/galeriamiejska.pl\/en\/nabor-do-projektu-fundacji-galerii-miejskiej-we-wroclawiu\/\"]}]},{\"@type\":\"BreadcrumbList\",\"@id\":\"https:\/\/galeriamiejska.pl\/en\/nabor-do-projektu-fundacji-galerii-miejskiej-we-wroclawiu\/#breadcrumb\",\"itemListElement\":[{\"@type\":\"ListItem\",\"position\":1,\"name\":\"Strona g\\u0142\\u00f3wna\",\"item\":\"https:\/\/galeriamiejska.pl\/en\/\"},{\"@type\":\"ListItem\",\"position\":2,\"name\":\"Nab\\u00f3r do projektu Fundacji Galerii Miejskiej we Wroc\\u0142awiu\"}]},{\"@type\":\"Person\",\"@id\":\"https:\/\/galeriamiejska.pl\/en\/#\/schema\/person\/cd4f04b0a13c9114f95e23b489b6f9cb\",\"name\":\"admin\",\"image\":{\"@type\":\"ImageObject\",\"@id\":\"https:\/\/galeriamiejska.pl\/en\/#personlogo\",\"inLanguage\":\"\",\"url\":\"https:\/\/secure.gravatar.com\/avatar\/3ded5a36984f92b80e2d99cc96780fe89cd37f7fd652108d182620efbb1566fd?s=96&d=mm&r=g\",\"contentUrl\":\"https:\/\/secure.gravatar.com\/avatar\/3ded5a36984f92b80e2d99cc96780fe89cd37f7fd652108d182620efbb1566fd?s=96&d=mm&r=g\",\"caption\":\"admin\"},\"sameAs\":[\"http:\/\/galeriamiejska.pl\"],\"url\":\"https:\/\/galeriamiejska.pl\/en\/author\/admin\/\"}]}<\/script>\n<!-- \/ Yoast SEO plugin. -->","yoast_head_json":{"title":"Nab\u00f3r do projektu Fundacji Galerii Miejskiej we Wroc\u0142awiu - Galeria Miejska we Wroc\u0142awiu","robots":{"index":"index","follow":"follow","max-snippet":"max-snippet:-1","max-image-preview":"max-image-preview:large","max-video-preview":"max-video-preview:-1"},"canonical":"https:\/\/galeriamiejska.pl\/en\/nabor-do-projektu-fundacji-galerii-miejskiej-we-wroclawiu\/","og_locale":"en_US","og_type":"article","og_title":"Nab\u00f3r do projektu Fundacji Galerii Miejskiej we Wroc\u0142awiu - Galeria Miejska we Wroc\u0142awiu","og_description":"Og\u0142oszenie o naborze do programu \u201eM\u0142oda krytyka artystyczna w Polsce i Czechach: pr\u0105d sta\u0142y \/ pr\u0105d zmienny\u201d","og_url":"https:\/\/galeriamiejska.pl\/en\/nabor-do-projektu-fundacji-galerii-miejskiej-we-wroclawiu\/","og_site_name":"Galeria Miejska we Wroc\u0142awiu","article_published_time":"2021-01-29T11:02:51+00:00","article_modified_time":"2021-01-29T11:02:53+00:00","og_image":[{"width":640,"height":340,"url":"https:\/\/galeriamiejska.pl\/wp-content\/uploads\/2021\/01\/231_noname.jpg","path":"\/autoinstalator\/wordpress\/wp-content\/uploads\/2021\/01\/231_noname.jpg","size":"full","id":1648,"alt":"","pixels":217600,"type":"image\/jpeg"}],"twitter_card":"summary_large_image","twitter_misc":{"Written by":"admin","Est. reading time":"7 minutes"},"schema":{"@context":"https:\/\/schema.org","@graph":[{"@type":"WebSite","@id":"https:\/\/galeriamiejska.pl\/en\/#website","url":"https:\/\/galeriamiejska.pl\/en\/","name":"Galeria Miejska we Wroc\u0142awiu","description":"","potentialAction":[{"@type":"SearchAction","target":{"@type":"EntryPoint","urlTemplate":"https:\/\/galeriamiejska.pl\/en\/?s={search_term_string}"},"query-input":"required name=search_term_string"}],"inLanguage":""},{"@type":"ImageObject","@id":"https:\/\/galeriamiejska.pl\/en\/nabor-do-projektu-fundacji-galerii-miejskiej-we-wroclawiu\/#primaryimage","inLanguage":"","url":"https:\/\/galeriamiejska.pl\/wp-content\/uploads\/2021\/01\/231_noname.jpg","contentUrl":"https:\/\/galeriamiejska.pl\/wp-content\/uploads\/2021\/01\/231_noname.jpg","width":640,"height":340},{"@type":"WebPage","@id":"https:\/\/galeriamiejska.pl\/en\/nabor-do-projektu-fundacji-galerii-miejskiej-we-wroclawiu\/#webpage","url":"https:\/\/galeriamiejska.pl\/en\/nabor-do-projektu-fundacji-galerii-miejskiej-we-wroclawiu\/","name":"Nab\u00f3r do projektu Fundacji Galerii Miejskiej we Wroc\u0142awiu - Galeria Miejska we Wroc\u0142awiu","isPartOf":{"@id":"https:\/\/galeriamiejska.pl\/en\/#website"},"primaryImageOfPage":{"@id":"https:\/\/galeriamiejska.pl\/en\/nabor-do-projektu-fundacji-galerii-miejskiej-we-wroclawiu\/#primaryimage"},"datePublished":"2021-01-29T11:02:51+00:00","dateModified":"2021-01-29T11:02:53+00:00","author":{"@id":"https:\/\/galeriamiejska.pl\/en\/#\/schema\/person\/cd4f04b0a13c9114f95e23b489b6f9cb"},"breadcrumb":{"@id":"https:\/\/galeriamiejska.pl\/en\/nabor-do-projektu-fundacji-galerii-miejskiej-we-wroclawiu\/#breadcrumb"},"inLanguage":"","potentialAction":[{"@type":"ReadAction","target":["https:\/\/galeriamiejska.pl\/en\/nabor-do-projektu-fundacji-galerii-miejskiej-we-wroclawiu\/"]}]},{"@type":"BreadcrumbList","@id":"https:\/\/galeriamiejska.pl\/en\/nabor-do-projektu-fundacji-galerii-miejskiej-we-wroclawiu\/#breadcrumb","itemListElement":[{"@type":"ListItem","position":1,"name":"Strona g\u0142\u00f3wna","item":"https:\/\/galeriamiejska.pl\/en\/"},{"@type":"ListItem","position":2,"name":"Nab\u00f3r do projektu Fundacji Galerii Miejskiej we Wroc\u0142awiu"}]},{"@type":"Person","@id":"https:\/\/galeriamiejska.pl\/en\/#\/schema\/person\/cd4f04b0a13c9114f95e23b489b6f9cb","name":"admin","image":{"@type":"ImageObject","@id":"https:\/\/galeriamiejska.pl\/en\/#personlogo","inLanguage":"","url":"https:\/\/secure.gravatar.com\/avatar\/3ded5a36984f92b80e2d99cc96780fe89cd37f7fd652108d182620efbb1566fd?s=96&d=mm&r=g","contentUrl":"https:\/\/secure.gravatar.com\/avatar\/3ded5a36984f92b80e2d99cc96780fe89cd37f7fd652108d182620efbb1566fd?s=96&d=mm&r=g","caption":"admin"},"sameAs":["http:\/\/galeriamiejska.pl"],"url":"https:\/\/galeriamiejska.pl\/en\/author\/admin\/"}]}},"_links":{"self":[{"href":"https:\/\/galeriamiejska.pl\/en\/wp-json\/wp\/v2\/posts\/1647","targetHints":{"allow":["GET"]}}],"collection":[{"href":"https:\/\/galeriamiejska.pl\/en\/wp-json\/wp\/v2\/posts"}],"about":[{"href":"https:\/\/galeriamiejska.pl\/en\/wp-json\/wp\/v2\/types\/post"}],"author":[{"embeddable":true,"href":"https:\/\/galeriamiejska.pl\/en\/wp-json\/wp\/v2\/users\/1"}],"replies":[{"embeddable":true,"href":"https:\/\/galeriamiejska.pl\/en\/wp-json\/wp\/v2\/comments?post=1647"}],"version-history":[{"count":3,"href":"https:\/\/galeriamiejska.pl\/en\/wp-json\/wp\/v2\/posts\/1647\/revisions"}],"predecessor-version":[{"id":1652,"href":"https:\/\/galeriamiejska.pl\/en\/wp-json\/wp\/v2\/posts\/1647\/revisions\/1652"}],"wp:featuredmedia":[{"embeddable":true,"href":"https:\/\/galeriamiejska.pl\/en\/wp-json\/wp\/v2\/media\/1648"}],"wp:attachment":[{"href":"https:\/\/galeriamiejska.pl\/en\/wp-json\/wp\/v2\/media?parent=1647"}],"wp:term":[{"taxonomy":"category","embeddable":true,"href":"https:\/\/galeriamiejska.pl\/en\/wp-json\/wp\/v2\/categories?post=1647"},{"taxonomy":"post_tag","embeddable":true,"href":"https:\/\/galeriamiejska.pl\/en\/wp-json\/wp\/v2\/tags?post=1647"}],"curies":[{"name":"wp","href":"https:\/\/api.w.org\/{rel}","templated":true}]}}