{"id":1498,"date":"2021-01-29T08:42:30","date_gmt":"2021-01-29T08:42:30","guid":{"rendered":"http:\/\/galeriamiejska.pl\/?p=1498"},"modified":"2024-12-09T13:29:33","modified_gmt":"2024-12-09T13:29:33","slug":"","status":"publish","type":"post","link":"https:\/\/galeriamiejska.pl\/en\/ideo-metrie-4\/","title":{"rendered":"","raw":""},"content":{"rendered":"","protected":false,"raw":""},"excerpt":{"rendered":"","protected":false,"raw":""},"author":1,"featured_media":946,"comment_status":"open","ping_status":"open","sticky":false,"template":"","format":"standard","meta":{"_pl_post_content":"<!-- wp:image {\"id\":1500,\"sizeSlug\":\"large\",\"linkDestination\":\"none\"} -->\n<figure class=\"wp-block-image size-large\"><img src=\"http:\/\/galeriamiejska.pl\/wp-content\/uploads\/2021\/01\/171_logo.jpg\" alt=\"\" class=\"wp-image-1500\"\/><\/figure>\n<!-- \/wp:image -->\n\n<!-- wp:paragraph -->\n<p><strong>Ideo-metrie to podporz\u0105dkowanie metrum idei, pojmowane jako warto\u015b\u0107 obrazowania w&nbsp;przyj\u0119tej przez artyst\u0119 skali: powt\u00f3rze\u0144, barwy, schematu, struktury, rytmu i&nbsp;kontrastu.<br>Poj\u0119cie abstrakcyjne czasem u\u017cywane jest w&nbsp;odniesieniu do rzeczy, kt\u00f3re nie s\u0105 zlokalizowane w&nbsp;przestrzeni lub w&nbsp;czasie; w&nbsp;tym sensie, numery, w\u0142a\u015bciwo\u015bci, zestawy, propozycje, a&nbsp;nawet fakty, mog\u0105 by\u0107 uznane za abstrakcyjne, natomiast poszczeg\u00f3lne obiekty fizyczne i&nbsp;wydarzenia s\u0105 konkretne. Zdolno\u015b\u0107 do tworzenia i&nbsp;wykorzystywania abstrakcji jest uwa\u017cana za niezb\u0119dn\u0105 dla wy\u017cszych funkcji poznawczych, takich jak formowanie s\u0105d\u00f3w, zrozumienie wiedzy wynikaj\u0105cej z&nbsp;do\u015bwiadcze\u0144 i&nbsp;wyci\u0105ganie wniosk\u00f3w.<\/strong><br><br>Termin abstrakcja jest pojemny i&nbsp;funkcjonuje na wiele sposob\u00f3w w&nbsp;kontek\u015bcie sztuki w&nbsp;procesach tworzenia obrazu. Abstrakcja pozbawiona jest wszelkich cech ilustracyjno\u015bci - zainteresowanie artysty koncentruje si\u0119 na zagadnieniach formy i&nbsp;tre\u015bci, przez przedstawienia niefiguratywne, cz\u0119sto wywodz\u0105c si\u0119 z&nbsp;transpozycji rzeczywisto\u015bci.<br><br><\/p>\n<!-- \/wp:paragraph -->\n\n<!-- wp:image {\"id\":1501,\"width\":500,\"height\":332,\"sizeSlug\":\"full\",\"linkDestination\":\"none\"} -->\n<figure class=\"wp-block-image size-full is-resized\"><img src=\"http:\/\/galeriamiejska.pl\/wp-content\/uploads\/2021\/01\/171_piotr-blazejewski-z-cyklu-znak-krzyza-ix2013-olej-akryl-40x80-cm.jpg\" alt=\"\" class=\"wp-image-1501\" style=\"width:500px;height:332px\"\/><figcaption class=\"wp-element-caption\"><em><strong>Piotr B\u0142a\u017cejewski, z cyklu Znak Krzy\u017ca, IX\/2013, olej - akryl, 40x80 cm<\/strong><\/em><\/figcaption><\/figure>\n<!-- \/wp:image -->\n\n<!-- wp:spacer {\"height\":\"23px\"} -->\n<div style=\"height:23px\" aria-hidden=\"true\" class=\"wp-block-spacer\"><\/div>\n<!-- \/wp:spacer -->\n\n<!-- wp:paragraph -->\n<p>W warstwie wizualnej abstrakcja jawi si\u0119, jako przyk\u0142adowo linia, punkty, obiekty geometryczne i&nbsp;plamy - jest efektem oczyszczenia przez pewne podniesienie og\u00f3lno\u015bci. Za\u015b w&nbsp;warstwie znaczeniowej zawiera\u0107 mo\u017ce wszystko \u2013 relacje matematyczne, koncepcje filozoficzne; tre\u015b\u0107 stanowi\u0107 mog\u0105 tak\u017ce stany emocjonalne oraz wiedza czerpana z&nbsp;ci\u0105g\u0142o\u015bci dziedzictwa kulturowego, jako podstawy do wywiedzenia nowej idei.<br><br>Dob\u00f3r prac zaw\u0119zi\u0142am do abstrakcyjnych realizacji artystycznych, kt\u00f3re nie s\u0105 jedynie ekspresj\u0105 malarsk\u0105, ani te\u017c nie zawieraj\u0105 si\u0119 w&nbsp;samej materii malarskiej. Stanowiska zaproszonych artyst\u00f3w s\u0105 bardzo wyraziste, w&nbsp;wi\u0119kszo\u015bci oparte na d\u0142ugoletnich poszukiwaniach rozumienia idei i&nbsp;sposob\u00f3w obrazowania oraz na budowaniu w\u0142asnej koncepcji artystycznej.<br><br>Kiedy p\u00f3\u0142 roku temu zdecydowa\u0142am si\u0119 ostatecznie na tytu\u0142 Ideo-metrie (nazw\u0119 \u0142aczac\u0105 dwa s\u0142owa - ide\u0119 oraz metrum), chcia\u0142am przedstawi\u0107 dzia\u0142ania oparte na abstrakcji geometryzuj\u0105cej, analitycznej (Go\u0142kowska, Chwa\u0142czyk, Makarewicz, Milecka), nast\u0119pnie odnosz\u0105ce si\u0119 do aspektu emocjonalnego, znaczeniowego (B\u0142a\u017cejewski, Lewandowski-Palle, Podsiad\u0142y), oraz odnosz\u0105ce si\u0119 do transpozycji obiekt\u00f3w wyabstrahowanych z&nbsp;rzeczywisto\u015bci (Ko\u0142odziejczyk, Czaplicki, \u015aliz).<br><\/p>\n<!-- \/wp:paragraph -->\n\n<!-- wp:spacer {\"height\":\"26px\"} -->\n<div style=\"height:26px\" aria-hidden=\"true\" class=\"wp-block-spacer\"><\/div>\n<!-- \/wp:spacer -->\n\n<!-- wp:image {\"id\":1502,\"width\":500,\"height\":500,\"sizeSlug\":\"full\",\"linkDestination\":\"none\"} -->\n<figure class=\"wp-block-image size-full is-resized\"><img src=\"http:\/\/galeriamiejska.pl\/wp-content\/uploads\/2021\/01\/171_urszula-sliz-pp-underframe-2013-akryl-plotno-100x100-cm.jpg\" alt=\"\" class=\"wp-image-1502\" style=\"width:500px;height:500px\"\/><figcaption class=\"wp-element-caption\"><em><strong>Urszula \u015aliz, PP-underframe, 2013, akryl, p\u0142\u00f3tno, 100x100 cm<\/strong><\/em><\/figcaption><\/figure>\n<!-- \/wp:image -->\n\n<!-- wp:spacer {\"height\":\"44px\"} -->\n<div style=\"height:44px\" aria-hidden=\"true\" class=\"wp-block-spacer\"><\/div>\n<!-- \/wp:spacer -->\n\n<!-- wp:paragraph -->\n<p>Ten uk\u0142ad jest jednak tylko symboliczny - je\u015bli spojrzymy na dorobek artystyczny niekt\u00f3rych z\u00a0nich, zauwa\u017cymy, jak postawy artyst\u00f3w ulegaj\u0105 przemieszczeniu w\u00a0ramach przyj\u0119tych kryteri\u00f3w, co oznacza, \u017ce znaczenie miesza si\u0119 z\u00a0konstrukcj\u0105, analityczny zamys\u0142 z\u00a0transpozycj\u0105, a\u00a0naukowy odbi\u00f3r rozproszenia \u015bwiat\u0142a, barwy, linii i\u00a0kszta\u0142tu, ulega organicznemu bod\u017acowi emocjonalnemu.<br><br>Wszelkie dzia\u0142ania artystyczne w\u00a0obr\u0119bie abstrakcji s\u0105 d\u0142ugotrwa\u0142ym procesem. Zatem ugruntowywanie si\u0119 wynik\u0142ych z\u00a0dzia\u0142ania teorii jest ci\u0105giem, do kt\u00f3rego, poprzez uproszczenia, dok\u0142adane s\u0105 nowe warianty. Wsp\u00f3lna wszystkim zaproszonym artystom jest zasadnicza potrzeba zg\u0142\u0119biania znaczenia i\u00a0analizowania obrazu.<br><br>Makarewicz wykorzystuje spos\u00f3b konstrukcji i\u00a0dekonstrukcji w\u00a0budowaniu szczeg\u00f3\u0142owego schematu (modelu, kt\u00f3ry jest charakterystyczny dla kompozycji) w\u00a0oparciu o\u00a0poj\u0119cia geometryczne, jak punkt, linia, p\u0142aszczyzna, figura. Przyjmuje zasad\u0119 dowodu matematycznego, tezy czy twierdzenia. Przej\u015bcie od metody matematycznej do wizualnej stwarza nowe mo\u017cliwo\u015bci dekonstrukcji formalnej \u201eobrazu\u201d idei.<br><br>Podsiad\u0142y podkre\u015bla aspekt duchowy swojej tw\u00f3rczo\u015bci, d\u0105\u017cy do uwidocznienia stan\u00f3w emocjonalnych, oczekuj\u0105c reakcji emocjonalnej od widza. Podobnie Lewandowski-Palle, dla kt\u00f3rego istotna jest emocjonalna strona j\u0119zyka abstrakcji (nie ewokuj\u0105ca bezpo\u015bredniego znaczenia), a\u00a0redukcja formy d\u0105\u017cy do znalezienia takich \u015brodk\u00f3w wyrazu, kt\u00f3re (jak w\u00a0suprematyzmie Malewicza) umo\u017cliwi\u0142yby odczucie dzie\u0142a z\u00a0pomini\u0119ciem znaczenia.<\/p>\n<!-- \/wp:paragraph -->\n\n<!-- wp:spacer {\"height\":\"48px\"} -->\n<div style=\"height:48px\" aria-hidden=\"true\" class=\"wp-block-spacer\"><\/div>\n<!-- \/wp:spacer -->\n\n<!-- wp:image {\"id\":1503,\"width\":454,\"height\":311,\"sizeSlug\":\"full\",\"linkDestination\":\"none\"} -->\n<figure class=\"wp-block-image size-full is-resized\"><img src=\"http:\/\/galeriamiejska.pl\/wp-content\/uploads\/2021\/01\/171_1_jan-chwalczyk-kwadrat-ksztaltowany-cieniem-poswiecony-kazimierzowi-malewiczowi-2002-plyta-mdf-akryl-100x100x60-cm.jpg\" alt=\"\" class=\"wp-image-1503\" style=\"width:454px;height:311px\"\/><figcaption class=\"wp-element-caption\"><em><strong>Jan Chwa\u0142czyk, Kwadrat kszta\u0142towany cieniem - po\u015bwi\u0119cony Kazimierzowi Malewiczowi, 2002, p\u0142yta MDF, akryl, 100x100x60 cm<\/strong><\/em><\/figcaption><\/figure>\n<!-- \/wp:image -->\n\n<!-- wp:spacer {\"height\":\"49px\"} -->\n<div style=\"height:49px\" aria-hidden=\"true\" class=\"wp-block-spacer\"><\/div>\n<!-- \/wp:spacer -->\n\n<!-- wp:paragraph -->\n<p>Nies\u0142usznie okre\u015bla si\u0119 geometri\u0119 abstrakcyjn\u0105 jako \u201ezimn\u0105\u201d, skoro cech\u0105 wsp\u00f3ln\u0105 prezentowanej tw\u00f3rczo\u015bci jest wytwarzanie napi\u0119cia pomi\u0119dzy dzie\u0142em a&nbsp;przestrzeni\u0105, dziel\u0105c\u0105 to dzie\u0142o od widza.<br>Chwa\u0142czyk jednoznacznie deklaruje, \u017ce przestrze\u0144 fizycznie istniej\u0105ca w&nbsp;prezentowanych pracach, powstaje (poprzez projekcje fenomen\u00f3w) w&nbsp;procesie wizualnej gry i&nbsp;manipulacji \u015bwiat\u0142em, nasyceniem i&nbsp;barw\u0105. Metrum linii, podzia\u0142\u00f3w p\u0142aszczyzn, proporcji jest efektem poszukiwania zale\u017cno\u015bci kompozycyjnych przez artyst\u00f3w. Relacje p\u0142aszczyzn, d\u0142ugo\u015bci linii oraz cienia tr\u00f3jwymiarowych przedmiot\u00f3w szczeg\u00f3lnie wa\u017cne s\u0105 w&nbsp;pracach Go\u0142kowskiej. Tworzy ona logiczne uk\u0142ady. Przekonana jest o&nbsp;pierwotnej funkcji my\u015bli-koncepcji, kt\u00f3rej wizualizacja zbli\u017ca si\u0119 do idea\u0142u jedynie w&nbsp;postaci czystych form geometrycznych i&nbsp;relacji matematycznych. Dla Czaplickiego, dla kt\u00f3rego energia formy oraz kontekst osadzenia tr\u00f3jwymiarowego kszta\u0142tu w&nbsp;przestrzeni publicznej, ma znaczenie, oraz \u015aliz, kt\u00f3ra traktuje w\u0142asne realizacje jako efekty otwartego procesu ulegaj\u0105cemu przekszta\u0142ceniom, zar\u00f3wno w&nbsp;cz\u0119\u015bci formalnej, jak i&nbsp;znaczeniowej \u2013 abstrahowany element rzeczywisto\u015bci nabiera nowego znaczenia, nie trac\u0105c przypisanego mu kodu lub znaczenia, wynikaj\u0105cego z&nbsp;tradycji.<br>Obrazy Mileckiej zawieraj\u0105 jeszcze jeden element \u2013 powtarzalno\u015bci, buduj\u0105cy struktur\u0119 miary \u2013 kt\u00f3ry jest przypisany do powierzchni malarskiej. Jednobarwne obrazy zawieraj\u0105 powierzchniow\u0105 faktur\u0119 w&nbsp;postaci drobnego grysu, pokrytego farb\u0105, i&nbsp;zatopionych migotliwych drobin. Zasada metrum u&nbsp;B\u0142a\u017cejewskiego pojawia si\u0119 w&nbsp;kompozycjach zawieraj\u0105cych r\u00f3\u017cnorakie napi\u0119cia i&nbsp;rytmy uk\u0142ad\u00f3w kolorystycznych. Jak sam pisze: \u201eW tym przekazie wizualnym korzystam ze znak\u00f3w-symboli jako no\u015bnik\u00f3w informacji.\u201d<br>Ko\u0142odziejczyk buduje \u201etektonik\u0119 obrazu\u201d poprzez nawarstwienia i&nbsp;zag\u0119szczenia p\u0142aszczyzn. Inspiracja rzeczywisto\u015bci\u0105 ujawnia si\u0119 u&nbsp;niej najsilniej. To malarstwo jest najmocniej osadzone<br>w tradycyjnym my\u015bleniu o&nbsp;rezultacie dzia\u0142a\u0144 malarskich.<br><br>Uk\u0142ad obraz\u00f3w w&nbsp;galerii budowany jest na zasadzie stopniowania relacji r\u00f3wnowa\u017cno\u015bci idei, metrum, od znaku do tekstury, od analizy, poprzez transpozycje zbli\u017caj\u0105c si\u0119 do materii, dochodz\u0105c do granicy, po kt\u00f3rej zaczyna si\u0119 ekspresja malarska.<br><br>Kurator wystawy: Urszula \u015aliz<br><br><strong>Zobacz zdj\u0119cia z&nbsp;wernisa\u017cu:<\/strong><br><a href=\"https:\/\/www.facebook.com\/galeria.miejska\/photos\/?tab=album&amp;album_id=590439807699103\">https:\/\/www.facebook.com\/galeria.miejska\/photos\/?tab=album&amp;album_id=590439807699103<\/a><\/p>\n<!-- \/wp:paragraph -->\n\n<!-- wp:spacer {\"height\":\"54px\"} -->\n<div style=\"height:54px\" aria-hidden=\"true\" class=\"wp-block-spacer\"><\/div>\n<!-- \/wp:spacer -->\n\n<!-- wp:gallery {\"columns\":3,\"linkTo\":\"media\",\"sizeSlug\":\"thumbnail\"} -->\n<figure class=\"wp-block-gallery has-nested-images columns-3 is-cropped\"><!-- wp:image {\"id\":3667,\"sizeSlug\":\"thumbnail\",\"linkDestination\":\"media\"} -->\n<figure class=\"wp-block-image size-thumbnail\"><a href=\"https:\/\/galeriamiejska.pl\/wp-content\/uploads\/2021\/01\/171_urszula-sliz-pp-underframe-2013-akryl-plotno-100x100-cm-1.jpg\"><img src=\"https:\/\/galeriamiejska.pl\/wp-content\/uploads\/2021\/01\/171_urszula-sliz-pp-underframe-2013-akryl-plotno-100x100-cm-1-400x400.jpg\" alt=\"\" class=\"wp-image-3667\"\/><\/a><figcaption class=\"wp-element-caption\">Urszula \u015aliz, PP-underframe, 2013, akryl, p\u0142\u00f3tno, 100x100 cm <\/figcaption><\/figure>\n<!-- \/wp:image -->\n\n<!-- wp:image {\"id\":3668,\"sizeSlug\":\"thumbnail\",\"linkDestination\":\"media\"} -->\n<figure class=\"wp-block-image size-thumbnail\"><a href=\"https:\/\/galeriamiejska.pl\/wp-content\/uploads\/2021\/01\/171_wanda-golkowska-z-cyklu-przestrzenie-obrazu-nr-2-2005-plyta-karton-100x70-cm-1.jpg\"><img src=\"https:\/\/galeriamiejska.pl\/wp-content\/uploads\/2021\/01\/171_wanda-golkowska-z-cyklu-przestrzenie-obrazu-nr-2-2005-plyta-karton-100x70-cm-1-400x400.jpg\" alt=\"\" class=\"wp-image-3668\"\/><\/a><figcaption class=\"wp-element-caption\">Wanda Go\u0142kowska, z cyklu: Przestrzenie obrazu, nr 2, 2005, p\u0142yta, karton, 100x70 cm <\/figcaption><\/figure>\n<!-- \/wp:image -->\n\n<!-- wp:image {\"id\":3669,\"sizeSlug\":\"thumbnail\",\"linkDestination\":\"media\"} -->\n<figure class=\"wp-block-image size-thumbnail\"><a href=\"https:\/\/galeriamiejska.pl\/wp-content\/uploads\/2021\/01\/171_1_jan-chwalczyk-kwadrat-ksztaltowany-cieniem-poswiecony-kazimierzowi-malewiczowi-2002-plyta-mdf-akryl-100x100x60-cm-1.jpg\"><img src=\"https:\/\/galeriamiejska.pl\/wp-content\/uploads\/2021\/01\/171_1_jan-chwalczyk-kwadrat-ksztaltowany-cieniem-poswiecony-kazimierzowi-malewiczowi-2002-plyta-mdf-akryl-100x100x60-cm-1-400x311.jpg\" alt=\"\" class=\"wp-image-3669\"\/><\/a><figcaption class=\"wp-element-caption\">Jan Chwa\u0142czyk, Kwadrat kszta\u0142towany cieniem - po\u015bwi\u0119cony Kazimierzowi Malewiczowi, 2002, p\u0142yta MDF, akryl, 100x100x60 cm <\/figcaption><\/figure>\n<!-- \/wp:image -->\n\n<!-- wp:image {\"id\":3670,\"sizeSlug\":\"thumbnail\",\"linkDestination\":\"media\"} -->\n<figure class=\"wp-block-image size-thumbnail\"><a href=\"https:\/\/galeriamiejska.pl\/wp-content\/uploads\/2021\/01\/171_pawel-lewandowski-palle.jpg\"><img src=\"https:\/\/galeriamiejska.pl\/wp-content\/uploads\/2021\/01\/171_pawel-lewandowski-palle-400x400.jpg\" alt=\"\" class=\"wp-image-3670\"\/><\/a><figcaption class=\"wp-element-caption\">Pawe\u0142 Lewandowski - Palle <\/figcaption><\/figure>\n<!-- \/wp:image -->\n\n<!-- wp:image {\"id\":3671,\"sizeSlug\":\"thumbnail\",\"linkDestination\":\"media\"} -->\n<figure class=\"wp-block-image size-thumbnail\"><a href=\"https:\/\/galeriamiejska.pl\/wp-content\/uploads\/2021\/01\/171_piotr-blazejewski-z-cyklu-znak-krzyza-ix2013-olej-akryl-40x80-cm-1.jpg\"><img src=\"https:\/\/galeriamiejska.pl\/wp-content\/uploads\/2021\/01\/171_piotr-blazejewski-z-cyklu-znak-krzyza-ix2013-olej-akryl-40x80-cm-1-400x332.jpg\" alt=\"\" class=\"wp-image-3671\"\/><\/a><figcaption class=\"wp-element-caption\">Piotr B\u0142a\u017cejewski, z cyklu Znak Krzy\u017ca, IX\/2013, olej - akryl, 40x80 cm <\/figcaption><\/figure>\n<!-- \/wp:image -->\n\n<!-- wp:image {\"id\":3672,\"sizeSlug\":\"thumbnail\",\"linkDestination\":\"media\"} -->\n<figure class=\"wp-block-image size-thumbnail\"><a href=\"https:\/\/galeriamiejska.pl\/wp-content\/uploads\/2021\/01\/171_plakat-wystawy-ideo-metrie.jpg\"><img src=\"https:\/\/galeriamiejska.pl\/wp-content\/uploads\/2021\/01\/171_plakat-wystawy-ideo-metrie-400x400.jpg\" alt=\"\" class=\"wp-image-3672\"\/><\/a><figcaption class=\"wp-element-caption\">Plakat wystawy IDEO-METRIE <\/figcaption><\/figure>\n<!-- \/wp:image --><\/figure>\n<!-- \/wp:gallery -->","_pl_post_name":"ideo-metrie-4","_pl_post_excerpt":"Wystawa zbiorowa prezentuj\u0105ca zale\u017cno\u015bci tematyczne mi\u0119dzy \u015bwiatem idei i \u015bwiatem przedmiotu, transponowane na formy bezprzedmiotowe.","_pl_post_title":"IDEO-METRIE","_en_post_content":"","_en_post_name":"","_en_post_excerpt":"","_en_post_title":"","edit_language":"en","footnotes":""},"categories":[6,4],"tags":[],"class_list":["post-1498","post","type-post","status-publish","format-standard","has-post-thumbnail","hentry","category-archiwalne","category-wystawy"],"yoast_head":"<!-- This site is optimized with the Yoast SEO plugin v16.8 - https:\/\/yoast.com\/wordpress\/plugins\/seo\/ -->\n<title>IDEO-METRIE - Galeria Miejska we Wroc\u0142awiu<\/title>\n<meta name=\"robots\" content=\"index, follow, max-snippet:-1, max-image-preview:large, max-video-preview:-1\" \/>\n<link rel=\"canonical\" href=\"https:\/\/galeriamiejska.pl\/en\/ideo-metrie-4\/\" \/>\n<meta property=\"og:locale\" content=\"en_US\" \/>\n<meta property=\"og:type\" content=\"article\" \/>\n<meta property=\"og:title\" content=\"IDEO-METRIE - Galeria Miejska we Wroc\u0142awiu\" \/>\n<meta property=\"og:description\" content=\"Wystawa zbiorowa prezentuj\u0105ca zale\u017cno\u015bci tematyczne mi\u0119dzy \u015bwiatem idei i \u015bwiatem przedmiotu, transponowane na formy bezprzedmiotowe.\" \/>\n<meta property=\"og:url\" content=\"https:\/\/galeriamiejska.pl\/en\/ideo-metrie-4\/\" \/>\n<meta property=\"og:site_name\" content=\"Galeria Miejska we Wroc\u0142awiu\" \/>\n<meta property=\"article:published_time\" content=\"2021-01-29T08:42:30+00:00\" \/>\n<meta property=\"article:modified_time\" content=\"2024-12-09T13:29:33+00:00\" \/>\n<meta property=\"og:image\" content=\"https:\/\/galeriamiejska.pl\/wp-content\/uploads\/2021\/01\/437_ideo-metrie.jpg\" \/>\n\t<meta property=\"og:image:width\" content=\"640\" \/>\n\t<meta property=\"og:image:height\" content=\"340\" \/>\n<meta name=\"twitter:card\" content=\"summary_large_image\" \/>\n<meta name=\"twitter:label1\" content=\"Written by\" \/>\n\t<meta name=\"twitter:data1\" content=\"admin\" \/>\n\t<meta name=\"twitter:label2\" content=\"Est. reading time\" \/>\n\t<meta name=\"twitter:data2\" content=\"6 minutes\" \/>\n<script type=\"application\/ld+json\" class=\"yoast-schema-graph\">{\"@context\":\"https:\/\/schema.org\",\"@graph\":[{\"@type\":\"WebSite\",\"@id\":\"https:\/\/galeriamiejska.pl\/en\/#website\",\"url\":\"https:\/\/galeriamiejska.pl\/en\/\",\"name\":\"Galeria Miejska we Wroc\\u0142awiu\",\"description\":\"\",\"potentialAction\":[{\"@type\":\"SearchAction\",\"target\":{\"@type\":\"EntryPoint\",\"urlTemplate\":\"https:\/\/galeriamiejska.pl\/en\/?s={search_term_string}\"},\"query-input\":\"required name=search_term_string\"}],\"inLanguage\":\"\"},{\"@type\":\"ImageObject\",\"@id\":\"https:\/\/galeriamiejska.pl\/en\/ideo-metrie-4\/#primaryimage\",\"inLanguage\":\"\",\"url\":\"https:\/\/galeriamiejska.pl\/wp-content\/uploads\/2021\/01\/437_ideo-metrie.jpg\",\"contentUrl\":\"https:\/\/galeriamiejska.pl\/wp-content\/uploads\/2021\/01\/437_ideo-metrie.jpg\",\"width\":640,\"height\":340},{\"@type\":\"WebPage\",\"@id\":\"https:\/\/galeriamiejska.pl\/en\/ideo-metrie-4\/#webpage\",\"url\":\"https:\/\/galeriamiejska.pl\/en\/ideo-metrie-4\/\",\"name\":\"IDEO-METRIE - Galeria Miejska we Wroc\\u0142awiu\",\"isPartOf\":{\"@id\":\"https:\/\/galeriamiejska.pl\/en\/#website\"},\"primaryImageOfPage\":{\"@id\":\"https:\/\/galeriamiejska.pl\/en\/ideo-metrie-4\/#primaryimage\"},\"datePublished\":\"2021-01-29T08:42:30+00:00\",\"dateModified\":\"2024-12-09T13:29:33+00:00\",\"author\":{\"@id\":\"https:\/\/galeriamiejska.pl\/en\/#\/schema\/person\/cd4f04b0a13c9114f95e23b489b6f9cb\"},\"breadcrumb\":{\"@id\":\"https:\/\/galeriamiejska.pl\/en\/ideo-metrie-4\/#breadcrumb\"},\"inLanguage\":\"\",\"potentialAction\":[{\"@type\":\"ReadAction\",\"target\":[\"https:\/\/galeriamiejska.pl\/en\/ideo-metrie-4\/\"]}]},{\"@type\":\"BreadcrumbList\",\"@id\":\"https:\/\/galeriamiejska.pl\/en\/ideo-metrie-4\/#breadcrumb\",\"itemListElement\":[{\"@type\":\"ListItem\",\"position\":1,\"name\":\"Strona g\\u0142\\u00f3wna\",\"item\":\"https:\/\/galeriamiejska.pl\/en\/\"},{\"@type\":\"ListItem\",\"position\":2,\"name\":\"IDEO-METRIE\"}]},{\"@type\":\"Person\",\"@id\":\"https:\/\/galeriamiejska.pl\/en\/#\/schema\/person\/cd4f04b0a13c9114f95e23b489b6f9cb\",\"name\":\"admin\",\"image\":{\"@type\":\"ImageObject\",\"@id\":\"https:\/\/galeriamiejska.pl\/en\/#personlogo\",\"inLanguage\":\"\",\"url\":\"https:\/\/secure.gravatar.com\/avatar\/3ded5a36984f92b80e2d99cc96780fe89cd37f7fd652108d182620efbb1566fd?s=96&d=mm&r=g\",\"contentUrl\":\"https:\/\/secure.gravatar.com\/avatar\/3ded5a36984f92b80e2d99cc96780fe89cd37f7fd652108d182620efbb1566fd?s=96&d=mm&r=g\",\"caption\":\"admin\"},\"sameAs\":[\"http:\/\/galeriamiejska.pl\"],\"url\":\"https:\/\/galeriamiejska.pl\/en\/author\/admin\/\"}]}<\/script>\n<!-- \/ Yoast SEO plugin. -->","yoast_head_json":{"title":"IDEO-METRIE - Galeria Miejska we Wroc\u0142awiu","robots":{"index":"index","follow":"follow","max-snippet":"max-snippet:-1","max-image-preview":"max-image-preview:large","max-video-preview":"max-video-preview:-1"},"canonical":"https:\/\/galeriamiejska.pl\/en\/ideo-metrie-4\/","og_locale":"en_US","og_type":"article","og_title":"IDEO-METRIE - Galeria Miejska we Wroc\u0142awiu","og_description":"Wystawa zbiorowa prezentuj\u0105ca zale\u017cno\u015bci tematyczne mi\u0119dzy \u015bwiatem idei i \u015bwiatem przedmiotu, transponowane na formy bezprzedmiotowe.","og_url":"https:\/\/galeriamiejska.pl\/en\/ideo-metrie-4\/","og_site_name":"Galeria Miejska we Wroc\u0142awiu","article_published_time":"2021-01-29T08:42:30+00:00","article_modified_time":"2024-12-09T13:29:33+00:00","og_image":[{"width":640,"height":340,"url":"https:\/\/galeriamiejska.pl\/wp-content\/uploads\/2021\/01\/437_ideo-metrie.jpg","path":"\/autoinstalator\/wordpress\/wp-content\/uploads\/2021\/01\/437_ideo-metrie.jpg","size":"full","id":946,"alt":"","pixels":217600,"type":"image\/jpeg"}],"twitter_card":"summary_large_image","twitter_misc":{"Written by":"admin","Est. reading time":"6 minutes"},"schema":{"@context":"https:\/\/schema.org","@graph":[{"@type":"WebSite","@id":"https:\/\/galeriamiejska.pl\/en\/#website","url":"https:\/\/galeriamiejska.pl\/en\/","name":"Galeria Miejska we Wroc\u0142awiu","description":"","potentialAction":[{"@type":"SearchAction","target":{"@type":"EntryPoint","urlTemplate":"https:\/\/galeriamiejska.pl\/en\/?s={search_term_string}"},"query-input":"required name=search_term_string"}],"inLanguage":""},{"@type":"ImageObject","@id":"https:\/\/galeriamiejska.pl\/en\/ideo-metrie-4\/#primaryimage","inLanguage":"","url":"https:\/\/galeriamiejska.pl\/wp-content\/uploads\/2021\/01\/437_ideo-metrie.jpg","contentUrl":"https:\/\/galeriamiejska.pl\/wp-content\/uploads\/2021\/01\/437_ideo-metrie.jpg","width":640,"height":340},{"@type":"WebPage","@id":"https:\/\/galeriamiejska.pl\/en\/ideo-metrie-4\/#webpage","url":"https:\/\/galeriamiejska.pl\/en\/ideo-metrie-4\/","name":"IDEO-METRIE - Galeria Miejska we Wroc\u0142awiu","isPartOf":{"@id":"https:\/\/galeriamiejska.pl\/en\/#website"},"primaryImageOfPage":{"@id":"https:\/\/galeriamiejska.pl\/en\/ideo-metrie-4\/#primaryimage"},"datePublished":"2021-01-29T08:42:30+00:00","dateModified":"2024-12-09T13:29:33+00:00","author":{"@id":"https:\/\/galeriamiejska.pl\/en\/#\/schema\/person\/cd4f04b0a13c9114f95e23b489b6f9cb"},"breadcrumb":{"@id":"https:\/\/galeriamiejska.pl\/en\/ideo-metrie-4\/#breadcrumb"},"inLanguage":"","potentialAction":[{"@type":"ReadAction","target":["https:\/\/galeriamiejska.pl\/en\/ideo-metrie-4\/"]}]},{"@type":"BreadcrumbList","@id":"https:\/\/galeriamiejska.pl\/en\/ideo-metrie-4\/#breadcrumb","itemListElement":[{"@type":"ListItem","position":1,"name":"Strona g\u0142\u00f3wna","item":"https:\/\/galeriamiejska.pl\/en\/"},{"@type":"ListItem","position":2,"name":"IDEO-METRIE"}]},{"@type":"Person","@id":"https:\/\/galeriamiejska.pl\/en\/#\/schema\/person\/cd4f04b0a13c9114f95e23b489b6f9cb","name":"admin","image":{"@type":"ImageObject","@id":"https:\/\/galeriamiejska.pl\/en\/#personlogo","inLanguage":"","url":"https:\/\/secure.gravatar.com\/avatar\/3ded5a36984f92b80e2d99cc96780fe89cd37f7fd652108d182620efbb1566fd?s=96&d=mm&r=g","contentUrl":"https:\/\/secure.gravatar.com\/avatar\/3ded5a36984f92b80e2d99cc96780fe89cd37f7fd652108d182620efbb1566fd?s=96&d=mm&r=g","caption":"admin"},"sameAs":["http:\/\/galeriamiejska.pl"],"url":"https:\/\/galeriamiejska.pl\/en\/author\/admin\/"}]}},"_links":{"self":[{"href":"https:\/\/galeriamiejska.pl\/en\/wp-json\/wp\/v2\/posts\/1498","targetHints":{"allow":["GET"]}}],"collection":[{"href":"https:\/\/galeriamiejska.pl\/en\/wp-json\/wp\/v2\/posts"}],"about":[{"href":"https:\/\/galeriamiejska.pl\/en\/wp-json\/wp\/v2\/types\/post"}],"author":[{"embeddable":true,"href":"https:\/\/galeriamiejska.pl\/en\/wp-json\/wp\/v2\/users\/1"}],"replies":[{"embeddable":true,"href":"https:\/\/galeriamiejska.pl\/en\/wp-json\/wp\/v2\/comments?post=1498"}],"version-history":[{"count":8,"href":"https:\/\/galeriamiejska.pl\/en\/wp-json\/wp\/v2\/posts\/1498\/revisions"}],"predecessor-version":[{"id":6894,"href":"https:\/\/galeriamiejska.pl\/en\/wp-json\/wp\/v2\/posts\/1498\/revisions\/6894"}],"wp:featuredmedia":[{"embeddable":true,"href":"https:\/\/galeriamiejska.pl\/en\/wp-json\/wp\/v2\/media\/946"}],"wp:attachment":[{"href":"https:\/\/galeriamiejska.pl\/en\/wp-json\/wp\/v2\/media?parent=1498"}],"wp:term":[{"taxonomy":"category","embeddable":true,"href":"https:\/\/galeriamiejska.pl\/en\/wp-json\/wp\/v2\/categories?post=1498"},{"taxonomy":"post_tag","embeddable":true,"href":"https:\/\/galeriamiejska.pl\/en\/wp-json\/wp\/v2\/tags?post=1498"}],"curies":[{"name":"wp","href":"https:\/\/api.w.org\/{rel}","templated":true}]}}