{"id":1397,"date":"2021-01-22T09:56:01","date_gmt":"2021-01-22T09:56:01","guid":{"rendered":"http:\/\/galeriamiejska.pl\/?p=1397"},"modified":"2021-01-22T10:00:39","modified_gmt":"2021-01-22T10:00:39","slug":"","status":"publish","type":"post","link":"https:\/\/galeriamiejska.pl\/en\/siedziba-galerii-miejskiej\/","title":{"rendered":"The seat of the City Gallery in Wroc\u0142aw","raw":"The seat of the City Gallery in Wroc\u0142aw"},"content":{"rendered":"\n<p><strong>The building at 28 Kie\u0142ba\u015bnicza Street, where Wroc\u0142aw City Gallery is located, was constructed in late 16th century. It was rebuilt in the 18th century and then in 1889, when new windows and architectural ornaments on the fa\u00e7ade were added on the third floor of the building. The architectural and structural design made in 1968 by the Municipal Design Office in Wroc\u0142aw states that at that time the ground floor was occupied by a\u00a0hat shop and a\u00a0haberdashery shop with back rooms, while upper floors and the attic housed flats for tenants<\/strong>.<br><br><br><\/p>\n\n\n\n<figure class=\"wp-block-image size-full is-resized\"><img loading=\"lazy\" decoding=\"async\" src=\"http:\/\/galeriamiejska.pl\/wp-content\/uploads\/2021\/01\/733_fot-tomasz-olszewski-081962-sygn-mat-ab-757f.jpg\" alt=\"\" class=\"wp-image-1399\" width=\"485\" height=\"660\" srcset=\"https:\/\/galeriamiejska.pl\/wp-content\/uploads\/2021\/01\/733_fot-tomasz-olszewski-081962-sygn-mat-ab-757f.jpg 485w, https:\/\/galeriamiejska.pl\/wp-content\/uploads\/2021\/01\/733_fot-tomasz-olszewski-081962-sygn-mat-ab-757f-220x300.jpg 220w\" sizes=\"auto, (max-width: 485px) 100vw, 485px\" \/><figcaption><em><strong>autor nieznany, 1988, sygn. MAt-AB-4782F<\/strong><\/em><\/figcaption><\/figure>\n\n\n\n<p>In 1977 a\u00a0technical design for a\u00a0major overhaul including modernization of the building was developed. It encompassed changes in the portal in the entrance hallway, richly ornamented in gypsum stuccowork, as well as some other decorative elements. Another mention of a\u00a0major building renovation dates back to 1979, when the Children&#8217;s Art Showroom was designed on the ground floor. It was connected with rooms in the cellar with stairs. Upper floors, in turn, accommodated offices. The renovation involved among others reconstruction of the entrance portal and an overhaul of the fa\u00e7ade on the ground floor which included adding new windows. The renovation led to discovering a\u00a0historic wooden ceiling over the room on the ground floor situated from the side of the courtyard. For this reason and due to functional changes introduced to the building the ceiling structure was changed. The attic structure adjusted to the historic character of the building was developed, too. The architect in charge of this renovation and modernization was G. Bia\u0142as.<br><br>A subsequent reconstruction took place in 1980-1981. The architect Z. Krawat designed interiors of the Children&#8217;s Art Showroom and the hat shop, as well as a\u00a0design for the fa\u00e7ade renovation which included reconstruction of damaged plaster and stone ornaments. Until 1990, the ground floor of the building housed service premises, a\u00a0tailor&#8217;s workshop and \u201cRox\u201d art gallery with stairs connecting it with cellar rooms. The upper floors functioned as an office space.<br><\/p>\n\n\n\n<figure class=\"wp-block-image size-full is-resized\"><img loading=\"lazy\" decoding=\"async\" src=\"http:\/\/galeriamiejska.pl\/wp-content\/uploads\/2021\/01\/733_autor-nieznany-1988-sygn-mat-ab-4782f.jpg\" alt=\"\" class=\"wp-image-1400\" width=\"660\" height=\"480\" srcset=\"https:\/\/galeriamiejska.pl\/wp-content\/uploads\/2021\/01\/733_autor-nieznany-1988-sygn-mat-ab-4782f.jpg 660w, https:\/\/galeriamiejska.pl\/wp-content\/uploads\/2021\/01\/733_autor-nieznany-1988-sygn-mat-ab-4782f-300x218.jpg 300w\" sizes=\"auto, (max-width: 660px) 100vw, 660px\" \/><figcaption><em><strong>autor nieznany, 1988, sygn. MAt-AB-4782F<\/strong><\/em><\/figcaption><\/figure>\n\n\n\n<p>The ground floor of the building has been home to the City Gallery since 1991. It comprises two exhibition rooms on the ground floor and three in the cellar. The rooms were redeveloped and renovated in 2013. The new entry located where the historic door used to be along with external stairs were designed then. The building has retained its original character despite several renovations. All decorative elements and window frames remained unchanged, as only window and door openings were a&nbsp;variable element.<br><br>The building at 28 Kie\u0142ba\u015bnicza Street is a&nbsp;four-storey building with seven axis. The ground floor features a&nbsp;portal with Ionic style columns, topped with beams and two obelisks. The building is crowned with a&nbsp;parapet with decorative architectural elements, ending with a&nbsp;pediment on which two putta are seated. In its centre there is a&nbsp;window framed with two pairs of pilasters. The building has a&nbsp;console roof with a&nbsp;moderate slope and two dormer windows.<br><br>Author: Sylwia \u0141upi\u0144ska<br>Proofreading: Katarzyna Zahorska<br><br><\/p>\n","protected":false,"raw":"<!-- wp:paragraph -->\n<p><strong>The building at 28 Kie\u0142ba\u015bnicza Street, where Wroc\u0142aw City Gallery is located, was constructed in late 16th century. It was rebuilt in the 18th century and then in 1889, when new windows and architectural ornaments on the fa\u00e7ade were added on the third floor of the building. The architectural and structural design made in 1968 by the Municipal Design Office in Wroc\u0142aw states that at that time the ground floor was occupied by a\u00a0hat shop and a\u00a0haberdashery shop with back rooms, while upper floors and the attic housed flats for tenants<\/strong>.<br><br><br><\/p>\n<!-- \/wp:paragraph -->\n\n<!-- wp:image {\"id\":1399,\"width\":485,\"height\":660,\"sizeSlug\":\"full\",\"linkDestination\":\"none\"} -->\n<figure class=\"wp-block-image size-full is-resized\"><img src=\"http:\/\/galeriamiejska.pl\/wp-content\/uploads\/2021\/01\/733_fot-tomasz-olszewski-081962-sygn-mat-ab-757f.jpg\" alt=\"\" class=\"wp-image-1399\" width=\"485\" height=\"660\"\/><figcaption><em><strong>autor nieznany, 1988, sygn. MAt-AB-4782F<\/strong><\/em><\/figcaption><\/figure>\n<!-- \/wp:image -->\n\n<!-- wp:paragraph -->\n<p>In 1977 a\u00a0technical design for a\u00a0major overhaul including modernization of the building was developed. It encompassed changes in the portal in the entrance hallway, richly ornamented in gypsum stuccowork, as well as some other decorative elements. Another mention of a\u00a0major building renovation dates back to 1979, when the Children's Art Showroom was designed on the ground floor. It was connected with rooms in the cellar with stairs. Upper floors, in turn, accommodated offices. The renovation involved among others reconstruction of the entrance portal and an overhaul of the fa\u00e7ade on the ground floor which included adding new windows. The renovation led to discovering a\u00a0historic wooden ceiling over the room on the ground floor situated from the side of the courtyard. For this reason and due to functional changes introduced to the building the ceiling structure was changed. The attic structure adjusted to the historic character of the building was developed, too. The architect in charge of this renovation and modernization was G. Bia\u0142as.<br><br>A subsequent reconstruction took place in 1980-1981. The architect Z. Krawat designed interiors of the Children's Art Showroom and the hat shop, as well as a\u00a0design for the fa\u00e7ade renovation which included reconstruction of damaged plaster and stone ornaments. Until 1990, the ground floor of the building housed service premises, a\u00a0tailor's workshop and \u201cRox\u201d art gallery with stairs connecting it with cellar rooms. The upper floors functioned as an office space.<br><\/p>\n<!-- \/wp:paragraph -->\n\n<!-- wp:image {\"id\":1400,\"width\":660,\"height\":480,\"sizeSlug\":\"full\",\"linkDestination\":\"none\"} -->\n<figure class=\"wp-block-image size-full is-resized\"><img src=\"http:\/\/galeriamiejska.pl\/wp-content\/uploads\/2021\/01\/733_autor-nieznany-1988-sygn-mat-ab-4782f.jpg\" alt=\"\" class=\"wp-image-1400\" width=\"660\" height=\"480\"\/><figcaption><em><strong>autor nieznany, 1988, sygn. MAt-AB-4782F<\/strong><\/em><\/figcaption><\/figure>\n<!-- \/wp:image -->\n\n<!-- wp:paragraph -->\n<p>The ground floor of the building has been home to the City Gallery since 1991. It comprises two exhibition rooms on the ground floor and three in the cellar. The rooms were redeveloped and renovated in 2013. The new entry located where the historic door used to be along with external stairs were designed then. The building has retained its original character despite several renovations. All decorative elements and window frames remained unchanged, as only window and door openings were a&nbsp;variable element.<br><br>The building at 28 Kie\u0142ba\u015bnicza Street is a&nbsp;four-storey building with seven axis. The ground floor features a&nbsp;portal with Ionic style columns, topped with beams and two obelisks. The building is crowned with a&nbsp;parapet with decorative architectural elements, ending with a&nbsp;pediment on which two putta are seated. In its centre there is a&nbsp;window framed with two pairs of pilasters. The building has a&nbsp;console roof with a&nbsp;moderate slope and two dormer windows.<br><br>Author: Sylwia \u0141upi\u0144ska<br>Proofreading: Katarzyna Zahorska<br><br><\/p>\n<!-- \/wp:paragraph -->"},"excerpt":{"rendered":"<p>History of the building at 28 Kie\u0142ba\u015bnicza Street<\/p>\n","protected":false,"raw":"History of the building at 28 Kie\u0142ba\u015bnicza Street"},"author":1,"featured_media":1398,"comment_status":"open","ping_status":"open","sticky":false,"template":"","format":"standard","meta":{"_pl_post_content":"<!-- wp:paragraph -->\n<p>Kamienica przy ulicy Kie\u0142ba\u015bniczej 28, w\u00a0kt\u00f3rej mie\u015bci si\u0119 wroc\u0142awska Galeria Miejska powsta\u0142a w\u00a0II po\u0142owie XVI wieku. Przebudowywana by\u0142a w\u00a0XVIII oraz w\u00a01889 roku, kiedy to na trzeciej kondygnacji budynku zwi\u0119kszono ilo\u015b\u0107 otwor\u00f3w okiennych oraz ilo\u015b\u0107 dekoracji architektonicznych w\u00a0fasadzie. Projekt architektoniczno-konstrukcyjny wykonany w\u00a01968 roku przez Miejskie Biuro Projekt\u00f3w we Wroc\u0142awiu, podaje, i\u017c w\u00a0obiekcie znajdowa\u0142 si\u0119 w\u00f3wczas na parterze sklep kapeluszniczy oraz sklep galanteryjny z\u00a0zapleczami, za\u015b na kondygnacjach i\u00a0poddaszu - mieszkania lokatorskie.<br><br><\/p>\n<!-- \/wp:paragraph -->\n\n<!-- wp:image {\"id\":1399,\"width\":485,\"height\":660,\"sizeSlug\":\"full\",\"linkDestination\":\"none\"} -->\n<figure class=\"wp-block-image size-full is-resized\"><img src=\"http:\/\/galeriamiejska.pl\/wp-content\/uploads\/2021\/01\/733_fot-tomasz-olszewski-081962-sygn-mat-ab-757f.jpg\" alt=\"\" class=\"wp-image-1399\" width=\"485\" height=\"660\"\/><figcaption><em><strong>autor nieznany, 1988, sygn. MAt-AB-4782F<\/strong><\/em><\/figcaption><\/figure>\n<!-- \/wp:image -->\n\n<!-- wp:paragraph -->\n<p>W roku 1977 opracowany zosta\u0142 projekt techniczny na remont kapitalny z\u00a0modernizacj\u0105 kamienicy. Zmianie uleg\u0142 portal w\u00a0sieni wej\u015bciowej z\u00a0bogato zdobion\u0105 sztukateri\u0105 gipsow\u0105, a\u00a0tak\u017ce inne elementy dekoracyjne. Kolejne wzmianki na temat remontu kapitalnego kamienicy pochodz\u0105 z\u00a0roku 1979, kiedy to na parterze zaprojektowano Salon Sztuki Dzieci\u0119cej po\u0142\u0105czony schodami z\u00a0pomieszczeniami piwnicznymi. Na wy\u017cszych kondygnacjach mie\u015bci\u0142y si\u0119 natomiast pokoje biurowe. W\u00a0czasie remontu m.in. zrekonstruowano portal wej\u015bciowy, wyremontowano elewacje na poziomie parteru, dodano otwory okienne. W\u00a0trakcie prac remontowych nad pomieszczeniem parteru od strony podw\u00f3rza odkryto zabytkowy strop konstrukcji drewnianej. W\u00a0zwi\u0105zku z\u00a0tym, a\u00a0tak\u017ce ze wzgl\u0119du na wprowadzone zmiany funkcjonalne w\u00a0budynku, zmieniono konstrukcj\u0119 strop\u00f3w oraz opracowano konstrukcj\u0119 poddasza dopasowan\u0105 do zabytkowego charakteru budynku. Architektem kieruj\u0105cym remontem i\u00a0modernizacj\u0105 by\u0142 G. Bia\u0142as.<br><br>Kolejne prace odby\u0142y si\u0119 w\u00a0latach 1980-1981. Architekt Z. Krawat wykona\u0142 projekt wn\u0119trz do Salonu Sztuki Dzieci\u0119cej i\u00a0sklepu kapeluszniczego oraz projekt na remont elewacji, kt\u00f3ry obj\u0105\u0142 m.in. odbudow\u0119 zniszczonych dekoracji w\u00a0tynku i\u00a0kamieniu. Do 1990 roku na parterze kamienicy mie\u015bci\u0142y si\u0119 pomieszczenia us\u0142ugowe, pracownia krawiecka oraz po\u0142\u0105czona schodami z\u00a0pomieszczeniami piwnicznymi autorska galeria \u201cRox\u201d. Wy\u017csze kondygnacje mie\u015bci\u0142y natomiast pomieszczenia biurowe.<br><\/p>\n<!-- \/wp:paragraph -->\n\n<!-- wp:image {\"id\":1400,\"width\":660,\"height\":480,\"sizeSlug\":\"full\",\"linkDestination\":\"none\"} -->\n<figure class=\"wp-block-image size-full is-resized\"><img src=\"http:\/\/galeriamiejska.pl\/wp-content\/uploads\/2021\/01\/733_autor-nieznany-1988-sygn-mat-ab-4782f.jpg\" alt=\"\" class=\"wp-image-1400\" width=\"660\" height=\"480\"\/><figcaption><em><strong>autor nieznany, 1988, sygn. MAt-AB-4782F<\/strong><\/em><\/figcaption><\/figure>\n<!-- \/wp:image -->\n\n<!-- wp:paragraph -->\n<p>Od roku 1991 na parterze budynku mie\u015bci si\u0119 Galeria Miejska obejmuj\u0105ca dwie sale wystawiennicze na parterze i&nbsp;trzy w&nbsp;podziemiu. W&nbsp;2013 roku wykonano przebudow\u0119 i&nbsp;remont pomieszcze\u0144. Zaprojektowano nowe wej\u015bcie zlokalizowane w&nbsp;miejscu wej\u015bcia historycznego oraz schody zewn\u0119trzne. Kamienica pomimo wielu remont\u00f3w zachowa\u0142a sw\u00f3j charakter. Wszystkie elementy dekoracyjne, obramienia okienne pozosta\u0142y niezmienione. Elementem zmiennym by\u0142y otwory okienne oraz drzwiowe.<br><br>Kamienica przy ulicy Kie\u0142ba\u015bniczej 28 jest to zwarta w&nbsp;zabudowie bry\u0142a czterokondygnacyjna oraz siedmioosiowa. Na parterze usytuowany jest portal obj\u0119ty kolumnami w&nbsp;stylu jo\u0144skim, zwie\u0144czony belkowaniem oraz dwoma obeliskami. Budynek wie\u0144czy attyka z&nbsp;dekoracyjnymi elementami architektonicznymi, zako\u0144czona nacz\u00f3\u0142kiem na kt\u00f3rym usytuowane s\u0105 dwa putta. W&nbsp;jej \u015brodku znajduje si\u0119 okno obj\u0119te dwoma parami pilastr\u00f3w. Kamienica posiada dach pulpitowy o&nbsp;nachylonej po\u0142aci z&nbsp;dwoma lukarnami.<br><br><br>Autor: Sylwia \u0141upi\u0144ska<br>Korekta: Katarzyna Zahorska<\/p>\n<!-- \/wp:paragraph -->","_pl_post_name":"siedziba-galerii-miejskiej","_pl_post_excerpt":"historia kamienicy przy Kie\u0142ba\u015bniczej 28","_pl_post_title":"Siedziba Galerii Miejskiej","_en_post_content":"<!-- wp:paragraph -->\n<p><strong>The building at 28 Kie\u0142ba\u015bnicza Street, where Wroc\u0142aw City Gallery is located, was constructed in late 16th century. It was rebuilt in the 18th century and then in 1889, when new windows and architectural ornaments on the fa\u00e7ade were added on the third floor of the building. The architectural and structural design made in 1968 by the Municipal Design Office in Wroc\u0142aw states that at that time the ground floor was occupied by a\u00a0hat shop and a\u00a0haberdashery shop with back rooms, while upper floors and the attic housed flats for tenants<\/strong>.<br><br><br><\/p>\n<!-- \/wp:paragraph -->\n\n<!-- wp:image {\"id\":1399,\"width\":485,\"height\":660,\"sizeSlug\":\"full\",\"linkDestination\":\"none\"} -->\n<figure class=\"wp-block-image size-full is-resized\"><img src=\"http:\/\/galeriamiejska.pl\/wp-content\/uploads\/2021\/01\/733_fot-tomasz-olszewski-081962-sygn-mat-ab-757f.jpg\" alt=\"\" class=\"wp-image-1399\" width=\"485\" height=\"660\"\/><figcaption><em><strong>autor nieznany, 1988, sygn. MAt-AB-4782F<\/strong><\/em><\/figcaption><\/figure>\n<!-- \/wp:image -->\n\n<!-- wp:paragraph -->\n<p>In 1977 a\u00a0technical design for a\u00a0major overhaul including modernization of the building was developed. It encompassed changes in the portal in the entrance hallway, richly ornamented in gypsum stuccowork, as well as some other decorative elements. Another mention of a\u00a0major building renovation dates back to 1979, when the Children's Art Showroom was designed on the ground floor. It was connected with rooms in the cellar with stairs. Upper floors, in turn, accommodated offices. The renovation involved among others reconstruction of the entrance portal and an overhaul of the fa\u00e7ade on the ground floor which included adding new windows. The renovation led to discovering a\u00a0historic wooden ceiling over the room on the ground floor situated from the side of the courtyard. For this reason and due to functional changes introduced to the building the ceiling structure was changed. The attic structure adjusted to the historic character of the building was developed, too. The architect in charge of this renovation and modernization was G. Bia\u0142as.<br><br>A subsequent reconstruction took place in 1980-1981. The architect Z. Krawat designed interiors of the Children's Art Showroom and the hat shop, as well as a\u00a0design for the fa\u00e7ade renovation which included reconstruction of damaged plaster and stone ornaments. Until 1990, the ground floor of the building housed service premises, a\u00a0tailor's workshop and \u201cRox\u201d art gallery with stairs connecting it with cellar rooms. The upper floors functioned as an office space.<br><\/p>\n<!-- \/wp:paragraph -->\n\n<!-- wp:image {\"id\":1400,\"width\":660,\"height\":480,\"sizeSlug\":\"full\",\"linkDestination\":\"none\"} -->\n<figure class=\"wp-block-image size-full is-resized\"><img src=\"http:\/\/galeriamiejska.pl\/wp-content\/uploads\/2021\/01\/733_autor-nieznany-1988-sygn-mat-ab-4782f.jpg\" alt=\"\" class=\"wp-image-1400\" width=\"660\" height=\"480\"\/><figcaption><em><strong>autor nieznany, 1988, sygn. MAt-AB-4782F<\/strong><\/em><\/figcaption><\/figure>\n<!-- \/wp:image -->\n\n<!-- wp:paragraph -->\n<p>The ground floor of the building has been home to the City Gallery since 1991. It comprises two exhibition rooms on the ground floor and three in the cellar. The rooms were redeveloped and renovated in 2013. The new entry located where the historic door used to be along with external stairs were designed then. The building has retained its original character despite several renovations. All decorative elements and window frames remained unchanged, as only window and door openings were a&nbsp;variable element.<br><br>The building at 28 Kie\u0142ba\u015bnicza Street is a&nbsp;four-storey building with seven axis. The ground floor features a&nbsp;portal with Ionic style columns, topped with beams and two obelisks. The building is crowned with a&nbsp;parapet with decorative architectural elements, ending with a&nbsp;pediment on which two putta are seated. In its centre there is a&nbsp;window framed with two pairs of pilasters. The building has a&nbsp;console roof with a&nbsp;moderate slope and two dormer windows.<br><br>Author: Sylwia \u0141upi\u0144ska<br>Proofreading: Katarzyna Zahorska<br><br><\/p>\n<!-- \/wp:paragraph -->","_en_post_name":"","_en_post_excerpt":"History of the building at 28 Kie\u0142ba\u015bnicza Street","_en_post_title":"The seat of the City Gallery in Wroc\u0142aw","edit_language":"en","footnotes":""},"categories":[23,22],"tags":[],"class_list":["post-1397","post","type-post","status-publish","format-standard","has-post-thumbnail","hentry","category-historia","category-o-galerii"],"yoast_head":"<!-- This site is optimized with the Yoast SEO plugin v16.8 - https:\/\/yoast.com\/wordpress\/plugins\/seo\/ -->\n<title>Siedziba Galerii Miejskiej - Galeria Miejska we Wroc\u0142awiu<\/title>\n<meta name=\"robots\" content=\"index, follow, max-snippet:-1, max-image-preview:large, max-video-preview:-1\" \/>\n<link rel=\"canonical\" href=\"https:\/\/galeriamiejska.pl\/en\/siedziba-galerii-miejskiej\/\" \/>\n<meta property=\"og:locale\" content=\"en_US\" \/>\n<meta property=\"og:type\" content=\"article\" \/>\n<meta property=\"og:title\" content=\"Siedziba Galerii Miejskiej - Galeria Miejska we Wroc\u0142awiu\" \/>\n<meta property=\"og:description\" content=\"historia kamienicy przy Kie\u0142ba\u015bniczej 28\" \/>\n<meta property=\"og:url\" content=\"https:\/\/galeriamiejska.pl\/en\/siedziba-galerii-miejskiej\/\" \/>\n<meta property=\"og:site_name\" content=\"Galeria Miejska we Wroc\u0142awiu\" \/>\n<meta property=\"article:published_time\" content=\"2021-01-22T09:56:01+00:00\" \/>\n<meta property=\"article:modified_time\" content=\"2021-01-22T10:00:39+00:00\" \/>\n<meta property=\"og:image\" content=\"https:\/\/galeriamiejska.pl\/wp-content\/uploads\/2021\/01\/733_noname.jpg\" \/>\n\t<meta property=\"og:image:width\" content=\"640\" \/>\n\t<meta property=\"og:image:height\" content=\"340\" \/>\n<meta name=\"twitter:card\" content=\"summary_large_image\" \/>\n<meta name=\"twitter:label1\" content=\"Written by\" \/>\n\t<meta name=\"twitter:data1\" content=\"admin\" \/>\n\t<meta name=\"twitter:label2\" content=\"Est. reading time\" \/>\n\t<meta name=\"twitter:data2\" content=\"2 minutes\" \/>\n<script type=\"application\/ld+json\" class=\"yoast-schema-graph\">{\"@context\":\"https:\/\/schema.org\",\"@graph\":[{\"@type\":\"WebSite\",\"@id\":\"https:\/\/galeriamiejska.pl\/en\/#website\",\"url\":\"https:\/\/galeriamiejska.pl\/en\/\",\"name\":\"Galeria Miejska we Wroc\\u0142awiu\",\"description\":\"\",\"potentialAction\":[{\"@type\":\"SearchAction\",\"target\":{\"@type\":\"EntryPoint\",\"urlTemplate\":\"https:\/\/galeriamiejska.pl\/en\/?s={search_term_string}\"},\"query-input\":\"required name=search_term_string\"}],\"inLanguage\":\"\"},{\"@type\":\"ImageObject\",\"@id\":\"https:\/\/galeriamiejska.pl\/en\/siedziba-galerii-miejskiej\/#primaryimage\",\"inLanguage\":\"\",\"url\":\"https:\/\/galeriamiejska.pl\/wp-content\/uploads\/2021\/01\/733_noname.jpg\",\"contentUrl\":\"https:\/\/galeriamiejska.pl\/wp-content\/uploads\/2021\/01\/733_noname.jpg\",\"width\":640,\"height\":340},{\"@type\":\"WebPage\",\"@id\":\"https:\/\/galeriamiejska.pl\/en\/siedziba-galerii-miejskiej\/#webpage\",\"url\":\"https:\/\/galeriamiejska.pl\/en\/siedziba-galerii-miejskiej\/\",\"name\":\"Siedziba Galerii Miejskiej - Galeria Miejska we Wroc\\u0142awiu\",\"isPartOf\":{\"@id\":\"https:\/\/galeriamiejska.pl\/en\/#website\"},\"primaryImageOfPage\":{\"@id\":\"https:\/\/galeriamiejska.pl\/en\/siedziba-galerii-miejskiej\/#primaryimage\"},\"datePublished\":\"2021-01-22T09:56:01+00:00\",\"dateModified\":\"2021-01-22T10:00:39+00:00\",\"author\":{\"@id\":\"https:\/\/galeriamiejska.pl\/en\/#\/schema\/person\/cd4f04b0a13c9114f95e23b489b6f9cb\"},\"breadcrumb\":{\"@id\":\"https:\/\/galeriamiejska.pl\/en\/siedziba-galerii-miejskiej\/#breadcrumb\"},\"inLanguage\":\"\",\"potentialAction\":[{\"@type\":\"ReadAction\",\"target\":[\"https:\/\/galeriamiejska.pl\/en\/siedziba-galerii-miejskiej\/\"]}]},{\"@type\":\"BreadcrumbList\",\"@id\":\"https:\/\/galeriamiejska.pl\/en\/siedziba-galerii-miejskiej\/#breadcrumb\",\"itemListElement\":[{\"@type\":\"ListItem\",\"position\":1,\"name\":\"Strona g\\u0142\\u00f3wna\",\"item\":\"https:\/\/galeriamiejska.pl\/en\/\"},{\"@type\":\"ListItem\",\"position\":2,\"name\":\"The seat of the City Gallery in Wroc\\u0142aw\"}]},{\"@type\":\"Person\",\"@id\":\"https:\/\/galeriamiejska.pl\/en\/#\/schema\/person\/cd4f04b0a13c9114f95e23b489b6f9cb\",\"name\":\"admin\",\"image\":{\"@type\":\"ImageObject\",\"@id\":\"https:\/\/galeriamiejska.pl\/en\/#personlogo\",\"inLanguage\":\"\",\"url\":\"https:\/\/secure.gravatar.com\/avatar\/3ded5a36984f92b80e2d99cc96780fe89cd37f7fd652108d182620efbb1566fd?s=96&d=mm&r=g\",\"contentUrl\":\"https:\/\/secure.gravatar.com\/avatar\/3ded5a36984f92b80e2d99cc96780fe89cd37f7fd652108d182620efbb1566fd?s=96&d=mm&r=g\",\"caption\":\"admin\"},\"sameAs\":[\"http:\/\/galeriamiejska.pl\"],\"url\":\"https:\/\/galeriamiejska.pl\/en\/author\/admin\/\"}]}<\/script>\n<!-- \/ Yoast SEO plugin. -->","yoast_head_json":{"title":"Siedziba Galerii Miejskiej - Galeria Miejska we Wroc\u0142awiu","robots":{"index":"index","follow":"follow","max-snippet":"max-snippet:-1","max-image-preview":"max-image-preview:large","max-video-preview":"max-video-preview:-1"},"canonical":"https:\/\/galeriamiejska.pl\/en\/siedziba-galerii-miejskiej\/","og_locale":"en_US","og_type":"article","og_title":"Siedziba Galerii Miejskiej - Galeria Miejska we Wroc\u0142awiu","og_description":"historia kamienicy przy Kie\u0142ba\u015bniczej 28","og_url":"https:\/\/galeriamiejska.pl\/en\/siedziba-galerii-miejskiej\/","og_site_name":"Galeria Miejska we Wroc\u0142awiu","article_published_time":"2021-01-22T09:56:01+00:00","article_modified_time":"2021-01-22T10:00:39+00:00","og_image":[{"width":640,"height":340,"url":"https:\/\/galeriamiejska.pl\/wp-content\/uploads\/2021\/01\/733_noname.jpg","path":"\/autoinstalator\/wordpress\/wp-content\/uploads\/2021\/01\/733_noname.jpg","size":"full","id":1398,"alt":"","pixels":217600,"type":"image\/jpeg"}],"twitter_card":"summary_large_image","twitter_misc":{"Written by":"admin","Est. reading time":"2 minutes"},"schema":{"@context":"https:\/\/schema.org","@graph":[{"@type":"WebSite","@id":"https:\/\/galeriamiejska.pl\/en\/#website","url":"https:\/\/galeriamiejska.pl\/en\/","name":"Galeria Miejska we Wroc\u0142awiu","description":"","potentialAction":[{"@type":"SearchAction","target":{"@type":"EntryPoint","urlTemplate":"https:\/\/galeriamiejska.pl\/en\/?s={search_term_string}"},"query-input":"required name=search_term_string"}],"inLanguage":""},{"@type":"ImageObject","@id":"https:\/\/galeriamiejska.pl\/en\/siedziba-galerii-miejskiej\/#primaryimage","inLanguage":"","url":"https:\/\/galeriamiejska.pl\/wp-content\/uploads\/2021\/01\/733_noname.jpg","contentUrl":"https:\/\/galeriamiejska.pl\/wp-content\/uploads\/2021\/01\/733_noname.jpg","width":640,"height":340},{"@type":"WebPage","@id":"https:\/\/galeriamiejska.pl\/en\/siedziba-galerii-miejskiej\/#webpage","url":"https:\/\/galeriamiejska.pl\/en\/siedziba-galerii-miejskiej\/","name":"Siedziba Galerii Miejskiej - Galeria Miejska we Wroc\u0142awiu","isPartOf":{"@id":"https:\/\/galeriamiejska.pl\/en\/#website"},"primaryImageOfPage":{"@id":"https:\/\/galeriamiejska.pl\/en\/siedziba-galerii-miejskiej\/#primaryimage"},"datePublished":"2021-01-22T09:56:01+00:00","dateModified":"2021-01-22T10:00:39+00:00","author":{"@id":"https:\/\/galeriamiejska.pl\/en\/#\/schema\/person\/cd4f04b0a13c9114f95e23b489b6f9cb"},"breadcrumb":{"@id":"https:\/\/galeriamiejska.pl\/en\/siedziba-galerii-miejskiej\/#breadcrumb"},"inLanguage":"","potentialAction":[{"@type":"ReadAction","target":["https:\/\/galeriamiejska.pl\/en\/siedziba-galerii-miejskiej\/"]}]},{"@type":"BreadcrumbList","@id":"https:\/\/galeriamiejska.pl\/en\/siedziba-galerii-miejskiej\/#breadcrumb","itemListElement":[{"@type":"ListItem","position":1,"name":"Strona g\u0142\u00f3wna","item":"https:\/\/galeriamiejska.pl\/en\/"},{"@type":"ListItem","position":2,"name":"The seat of the City Gallery in Wroc\u0142aw"}]},{"@type":"Person","@id":"https:\/\/galeriamiejska.pl\/en\/#\/schema\/person\/cd4f04b0a13c9114f95e23b489b6f9cb","name":"admin","image":{"@type":"ImageObject","@id":"https:\/\/galeriamiejska.pl\/en\/#personlogo","inLanguage":"","url":"https:\/\/secure.gravatar.com\/avatar\/3ded5a36984f92b80e2d99cc96780fe89cd37f7fd652108d182620efbb1566fd?s=96&d=mm&r=g","contentUrl":"https:\/\/secure.gravatar.com\/avatar\/3ded5a36984f92b80e2d99cc96780fe89cd37f7fd652108d182620efbb1566fd?s=96&d=mm&r=g","caption":"admin"},"sameAs":["http:\/\/galeriamiejska.pl"],"url":"https:\/\/galeriamiejska.pl\/en\/author\/admin\/"}]}},"_links":{"self":[{"href":"https:\/\/galeriamiejska.pl\/en\/wp-json\/wp\/v2\/posts\/1397","targetHints":{"allow":["GET"]}}],"collection":[{"href":"https:\/\/galeriamiejska.pl\/en\/wp-json\/wp\/v2\/posts"}],"about":[{"href":"https:\/\/galeriamiejska.pl\/en\/wp-json\/wp\/v2\/types\/post"}],"author":[{"embeddable":true,"href":"https:\/\/galeriamiejska.pl\/en\/wp-json\/wp\/v2\/users\/1"}],"replies":[{"embeddable":true,"href":"https:\/\/galeriamiejska.pl\/en\/wp-json\/wp\/v2\/comments?post=1397"}],"version-history":[{"count":3,"href":"https:\/\/galeriamiejska.pl\/en\/wp-json\/wp\/v2\/posts\/1397\/revisions"}],"predecessor-version":[{"id":1406,"href":"https:\/\/galeriamiejska.pl\/en\/wp-json\/wp\/v2\/posts\/1397\/revisions\/1406"}],"wp:featuredmedia":[{"embeddable":true,"href":"https:\/\/galeriamiejska.pl\/en\/wp-json\/wp\/v2\/media\/1398"}],"wp:attachment":[{"href":"https:\/\/galeriamiejska.pl\/en\/wp-json\/wp\/v2\/media?parent=1397"}],"wp:term":[{"taxonomy":"category","embeddable":true,"href":"https:\/\/galeriamiejska.pl\/en\/wp-json\/wp\/v2\/categories?post=1397"},{"taxonomy":"post_tag","embeddable":true,"href":"https:\/\/galeriamiejska.pl\/en\/wp-json\/wp\/v2\/tags?post=1397"}],"curies":[{"name":"wp","href":"https:\/\/api.w.org\/{rel}","templated":true}]}}